{"id":89647,"date":"2020-06-21T11:16:31","date_gmt":"2020-06-21T15:16:31","guid":{"rendered":"https:\/\/linitiative.ca\/International\/covid-19-le-fpe-montre-du-doigt-les-employeurs-et-les-controleurs\/"},"modified":"2020-06-21T11:16:31","modified_gmt":"2020-06-21T15:16:31","slug":"covid-19-le-fpe-montre-du-doigt-les-employeurs-et-les-controleurs","status":"publish","type":"post","link":"https:\/\/linitiative.ca\/International\/covid-19-le-fpe-montre-du-doigt-les-employeurs-et-les-controleurs\/","title":{"rendered":"Covid-19: Le FPE montre du doigt les employeurs et les contr\u00f4leurs"},"content":{"rendered":"<p class=\"has-text-color has-vivid-red-color c2\"><strong>Explosion de cas postifs \u00e0 Lalla Mimouna<\/strong><\/p>\n<p class=\"has-text-color has-vivid-cyan-blue-color\"><strong>Le Forum Parit\u00e9-Egalit\u00e9 (FPE) a attribu\u00e9 la responsabilit\u00e9 de l\u2019explosion \u00e9pid\u00e9miologique au Covid-19, dans le cercle Lalla Mimouna dans la province de K\u00e9nitra, aux employeurs et aux services de contr\u00f4le sens\u00e9s s\u2019assurer du respect par les unit\u00e9s de production des mesures de pr\u00e9vention, de pr\u00e9caution et d\u2019hygi\u00e8ne d\u00e9cid\u00e9es par les autorit\u00e9s publiques.<\/strong><\/p>\n<p>Vendredi dernier, des centaines de cas de contamination au Covid-19, des femmes surtout, ont \u00e9t\u00e9 d\u00e9couverts, \u00a0dans des unit\u00e9s agricoles et industrielles sp\u00e9cialis\u00e9es dans la production et l\u2019emballage de fruits rouges.<\/p>\n<p>Dans un communiqu\u00e9, publi\u00e9 \u00e0 l\u2019issue de cette \u00e9volution inqui\u00e9tante, le FPE, \u00a0cette organisation parall\u00e8le du Parti du progr\u00e8s et du socialisme, exprime sa solidarit\u00e9 avec les personnes atteintes et en particulier les travailleuses, tout en leur souhaitant prompt r\u00e9tablissement.<\/p>\n<p>Selon le Forum Parit\u00e9-Egalit\u00e9, cette \u00e9volution confirme le fait que les femmes travailleuses dans les unit\u00e9s industrielles et agricoles sont les plus expos\u00e9es aux violations des droits des femmes dans les milieux de travail\u00a0: in\u00e9galit\u00e9 des salaires, absence de protection sociale, transport dans des conditions inhumaines, non respect des horaires de travail, privation des conditions les plus \u00e9l\u00e9mentaires de pr\u00e9vention sanitaire et conditions de travail inhumaines.<\/p>\n<p>Tout en appelant les autorit\u00e9s publiques comp\u00e9tentes \u00e0 prendre en charge les victimes de ces contaminations au Covid-19, le FPE demande l\u2019ouverture d\u2019une enqu\u00eate pour d\u00e9terminer les responsabilit\u00e9s et d\u00e9finir les mesures \u00e0 prendre \u00e0 l\u2019encontre de ceux qui seraient impliqu\u00e9s dans ce drame.<\/p>\n<p>Il demande au gouvernement d\u2019assumer pleinement sa responsabilit\u00e9 dans la protection des femmes travailleuses et d\u2019\u0153uvrer pour leur assurer des conditions humaines et s\u00e9curis\u00e9es dans tous les lieux de travail.<\/p>\n<p class=\"c3\"><strong>M\u2019Barek Tafsi<\/strong><\/p>\n<p>Auteur: M&rsquo;hammed rahal<br \/>\n<a href=\"http:\/\/albayane.press.ma\/covid-19-le-fpe-montre-du-doigt-les-employeurs-et-les-controleurs.html\">Cliquez ici pour lire l&rsquo;article depuis sa source.<\/a><\/p>\n","protected":false},"excerpt":{"rendered":"<p>Explosion de cas postifs \u00e0 Lalla Mimouna Le Forum Parit\u00e9-Egalit\u00e9 (FPE) a attribu\u00e9 la responsabilit\u00e9 de l\u2019explosion \u00e9pid\u00e9miologique au Covid-19, dans le cercle Lalla Mimouna dans la province de K\u00e9nitra, aux employeurs et aux services de contr\u00f4le sens\u00e9s s\u2019assurer du respect par les unit\u00e9s de production des mesures de pr\u00e9vention, de pr\u00e9caution et d\u2019hygi\u00e8ne d\u00e9cid\u00e9es [&hellip;]<\/p>\n","protected":false},"author":1760,"featured_media":0,"comment_status":"closed","ping_status":"closed","sticky":false,"template":"","format":"standard","meta":{"fifu_image_url":"","fifu_image_alt":"","footnotes":""},"categories":[73,54],"tags":[],"class_list":["post-89647","post","type-post","status-publish","format-standard","hentry","category-actualite","category-maroc"],"_links":{"self":[{"href":"https:\/\/linitiative.ca\/International\/wp-json\/wp\/v2\/posts\/89647","targetHints":{"allow":["GET"]}}],"collection":[{"href":"https:\/\/linitiative.ca\/International\/wp-json\/wp\/v2\/posts"}],"about":[{"href":"https:\/\/linitiative.ca\/International\/wp-json\/wp\/v2\/types\/post"}],"author":[{"embeddable":true,"href":"https:\/\/linitiative.ca\/International\/wp-json\/wp\/v2\/users\/1760"}],"replies":[{"embeddable":true,"href":"https:\/\/linitiative.ca\/International\/wp-json\/wp\/v2\/comments?post=89647"}],"version-history":[{"count":0,"href":"https:\/\/linitiative.ca\/International\/wp-json\/wp\/v2\/posts\/89647\/revisions"}],"wp:attachment":[{"href":"https:\/\/linitiative.ca\/International\/wp-json\/wp\/v2\/media?parent=89647"}],"wp:term":[{"taxonomy":"category","embeddable":true,"href":"https:\/\/linitiative.ca\/International\/wp-json\/wp\/v2\/categories?post=89647"},{"taxonomy":"post_tag","embeddable":true,"href":"https:\/\/linitiative.ca\/International\/wp-json\/wp\/v2\/tags?post=89647"}],"curies":[{"name":"wp","href":"https:\/\/api.w.org\/{rel}","templated":true}]}}