{"id":89648,"date":"2020-06-21T11:20:06","date_gmt":"2020-06-21T15:20:06","guid":{"rendered":"https:\/\/linitiative.ca\/International\/les-avocats-du-pps-condamnent\/"},"modified":"2020-06-21T11:20:06","modified_gmt":"2020-06-21T15:20:06","slug":"les-avocats-du-pps-condamnent","status":"publish","type":"post","link":"https:\/\/linitiative.ca\/International\/les-avocats-du-pps-condamnent\/","title":{"rendered":"Les avocats du PPS condamnent\u2026"},"content":{"rendered":"<p class=\"has-text-color has-vivid-red-color c2\"><strong>Affaire du Bureau d\u2019avocat \u00ab\u00e9vacu\u00e9\u00bb \u00e0 Casablanca<\/strong><\/p>\n<p class=\"has-text-color has-vivid-cyan-blue-color\"><strong>Tout en condamnant \u00abl\u2019offensive acharn\u00e9e\u00bb, lanc\u00e9e par \u00ab\u00a0certains milieux connus\u00a0et autres\u00bb contre les avocats, le secteur des avocats du Parti du progr\u00e8s et du socialisme consid\u00e8re que \u00abla prise d\u2019assaut\u00bb du bureau d\u2019un confr\u00e8re \u00e0 Casablanca s\u2019est d\u00e9roul\u00e9e \u00aben \u00a0violation flagrante des droits de la d\u00e9fense et du respect d\u00fb aux institutions professionnelles\u00bb.<\/strong><\/p>\n<p>Dans un communiqu\u00e9 rendu public \u00e0 l\u2019issue de cet acte, le secteur des avocats du PPS condamne \u00abtoutes les pratiques ill\u00e9gales \u00e0 l\u2019encontre des institutions professionnelles et des avocats\u00bb, rappelant que c\u2019est l\u00e0 une ligne rouge \u00e0 ne pas d\u00e9passer.<\/p>\n<p>Selon le communiqu\u00e9, les avocats sauront faire face et \u00abstopper, par leur union, ces offensives\u00bb. Et c\u2019est parque ce sont eux qui d\u00e9fendent les droits des citoyens, que les avocats savent tr\u00e8s bien comment arracher les leurs et dissuader quiconque veut attenter \u00e0 ces droits, note le communiqu\u00e9.<\/p>\n<p>Le secteur des avocats du PPS s\u2019est en outre dit constern\u00e9 par toutes les pratiques illicites qui rongent le domaine, qui a \u00e9t\u00e9 durement impact\u00e9 par la pand\u00e9mie du coronavirus. La plus grande partie des bureaux ont ferm\u00e9 leurs portes, \u00e9tant donn\u00e9 la cessation des activit\u00e9s des tribunaux, qui se sont content\u00e9s d\u2019un certain nombre d\u2019affaires pr\u00e9cises et de proc\u00e8s \u00e0 distance pour les d\u00e9lits et les affaires p\u00e9nales.<\/p>\n<p>Mardi dernier, 16 juin, rappelle-t-on, les autorit\u00e9s locales s\u2019\u00e9taient introduites dans le bureau dudit avocat en son absence et sans lui avoir notifi\u00e9 la d\u00e9cision d\u2019\u00e9vacuation du local.<\/p>\n<p>Ce qui a provoqu\u00e9 l\u2019ire de ses confr\u00e8res dont des centaines d\u2019entre eux avaient pris part, vendredi dernier, \u00e0 un rassemblement de protestation devant le tribunal de premi\u00e8re instance de Casablanca.<\/p>\n<p>Alert\u00e9 par l\u2019int\u00e9ress\u00e9, le b\u00e2tonnier de l\u2019Ordre des avocats de Casablanca, Me Hassan Birouaine a expliqu\u00e9 dans un communiqu\u00e9 que l\u2019op\u00e9ration d\u2019\u00e9vacuation du bureau s\u2019est faite de fa\u00e7on anormale, en l\u2019absence de l\u2019avocat concern\u00e9 et sans tenir compte des dispositions l\u00e9gales et proc\u00e9durales en vigueur.<\/p>\n<p>\u00a0Les premi\u00e8res investigations ont r\u00e9v\u00e9l\u00e9, selon le communiqu\u00e9, que la d\u00e9cision d\u2019\u00e9vacuation a \u00e9t\u00e9 prise en date du 11 mars 2020 par le pr\u00e9sident de la commune de Sidi Belyout, et qu\u2019elle a \u00e9t\u00e9 approuv\u00e9e le 12 juin par le gouverneur de la pr\u00e9fecture d\u2019arrondissements de Casablanca-Anfa.<\/p>\n<p>A part cela, aucune notification n\u2019a \u00e9t\u00e9 adress\u00e9e \u00e0 l\u2019avocat concern\u00e9, ni au b\u00e2tonnier, ni au procureur du Roi, note le communiqu\u00e9.<\/p>\n<p>Pour sa part, le procureur g\u00e9n\u00e9ral du Roi pr\u00e8s la Cour d\u2019appel de Casablanca a annonc\u00e9, jeudi, dans un communiqu\u00e9, que les services de la police judiciaire ont entam\u00e9 une enqu\u00eate sur les conditions et les circonstances entourant l\u2019acc\u00e8s au cabinet d\u2019un avocat \u00e0 Casablanca, imm\u00e9diatement apr\u00e8s que l\u2019avocat concern\u00e9 ait d\u00e9pos\u00e9 une plainte.<\/p>\n<p>Le procureur g\u00e9n\u00e9ral du Roi indique que l\u2019enqu\u00eate concernera \u00e9galement une autre plainte re\u00e7ue, en plus des faits, une vid\u00e9o montrant des personnes en train de charger des bo\u00eetes remplies de documents dans un camion \u00e0 l\u2019endroit o\u00f9 le cabinet d\u2019avocat semble se situer, pr\u00e9cisant que l\u2019objectif est d\u2019\u00e9lucider la v\u00e9rit\u00e9 sur ce fait, ainsi que sur le contenu des bo\u00eetes, les raisons et les circonstances de leur transfert et identifier la personne qui en est responsable, afin d\u2019en \u00e9tablir l\u2019effet juridique.<\/p>\n<p class=\"c3\"><strong>M\u2019Barek Tafsi<\/strong><\/p>\n<p>Auteur: M&rsquo;hammed rahal<br \/>\n<a href=\"http:\/\/albayane.press.ma\/affaire-du-bureau-davocat-evacue-a-casablanca.html\">Cliquez ici pour lire l&rsquo;article depuis sa source.<\/a><\/p>\n","protected":false},"excerpt":{"rendered":"<p>Affaire du Bureau d\u2019avocat \u00ab\u00e9vacu\u00e9\u00bb \u00e0 Casablanca Tout en condamnant \u00abl\u2019offensive acharn\u00e9e\u00bb, lanc\u00e9e par \u00ab\u00a0certains milieux connus\u00a0et autres\u00bb contre les avocats, le secteur des avocats du Parti du progr\u00e8s et du socialisme consid\u00e8re que \u00abla prise d\u2019assaut\u00bb du bureau d\u2019un confr\u00e8re \u00e0 Casablanca s\u2019est d\u00e9roul\u00e9e \u00aben \u00a0violation flagrante des droits de la d\u00e9fense et du [&hellip;]<\/p>\n","protected":false},"author":1760,"featured_media":0,"comment_status":"closed","ping_status":"closed","sticky":false,"template":"","format":"standard","meta":{"fifu_image_url":"","fifu_image_alt":"","footnotes":""},"categories":[73,54],"tags":[],"class_list":["post-89648","post","type-post","status-publish","format-standard","hentry","category-actualite","category-maroc"],"_links":{"self":[{"href":"https:\/\/linitiative.ca\/International\/wp-json\/wp\/v2\/posts\/89648","targetHints":{"allow":["GET"]}}],"collection":[{"href":"https:\/\/linitiative.ca\/International\/wp-json\/wp\/v2\/posts"}],"about":[{"href":"https:\/\/linitiative.ca\/International\/wp-json\/wp\/v2\/types\/post"}],"author":[{"embeddable":true,"href":"https:\/\/linitiative.ca\/International\/wp-json\/wp\/v2\/users\/1760"}],"replies":[{"embeddable":true,"href":"https:\/\/linitiative.ca\/International\/wp-json\/wp\/v2\/comments?post=89648"}],"version-history":[{"count":0,"href":"https:\/\/linitiative.ca\/International\/wp-json\/wp\/v2\/posts\/89648\/revisions"}],"wp:attachment":[{"href":"https:\/\/linitiative.ca\/International\/wp-json\/wp\/v2\/media?parent=89648"}],"wp:term":[{"taxonomy":"category","embeddable":true,"href":"https:\/\/linitiative.ca\/International\/wp-json\/wp\/v2\/categories?post=89648"},{"taxonomy":"post_tag","embeddable":true,"href":"https:\/\/linitiative.ca\/International\/wp-json\/wp\/v2\/tags?post=89648"}],"curies":[{"name":"wp","href":"https:\/\/api.w.org\/{rel}","templated":true}]}}