{"id":89650,"date":"2020-06-21T06:19:00","date_gmt":"2020-06-21T10:19:00","guid":{"rendered":"https:\/\/linitiative.ca\/International\/deces-dun-militaire-dans-un-accrochage-avec-un-groupe-terroriste\/"},"modified":"2020-06-21T06:19:00","modified_gmt":"2020-06-21T10:19:00","slug":"deces-dun-militaire-dans-un-accrochage-avec-un-groupe-terroriste","status":"publish","type":"post","link":"https:\/\/linitiative.ca\/International\/deces-dun-militaire-dans-un-accrochage-avec-un-groupe-terroriste\/","title":{"rendered":"D\u00e9c\u00e8s d\u2019un militaire dans un accrochage avec un groupe terroriste"},"content":{"rendered":"<div id=\"originalText\" readability=\"57\">\n<p>Lors d&rsquo;une embuscade ope\u0301re\u0301e dans la zone de Gaadet Lahdjar, commune de Tarek Ben Ziad, wilaya d&rsquo;Ai\u0308n Defla en 1e\u0300re Re\u0301gion Militaire, un de\u0301tachement de l&rsquo;Arme\u0301e Nationale Populaire s&rsquo;est accroche\u0301, hier soir 20 juin 2020, avec un groupe terroriste arme\u0301, ce qui a cause\u0301 le de\u0301ce\u0300s en martyr du caporal contractuel \u00ab\u00a0Znanda Mostafa\u00a0\u00bb, pendant l&rsquo;accomplissement de son devoir national, annonce, dimanche, le minist\u00e8re de La D\u00e9fense nationale, pr\u00e9cisant que les de\u0301tachements de l&rsquo;Arme\u0301e Nationale Populaire participant a\u0300 cette ope\u0301ration toujours en cours, ont pris toutes les mesures se\u0301curitaires ne\u0301cessaires pour le bouclage et le ratissage de cette zone, et la poursuite de ces criminels.<\/p>\n<p>Le Ge\u0301ne\u0301ral-Major Sai\u0308d Chanegriha, Chef d&rsquo;Etat-Major de l&rsquo;Arme\u0301e Nationale Populaire par Inte\u0301rim , qui a adress\u00e9 ses since\u0300res condole\u0301ances a\u0300 la famille et aux proches du Chahid, a r\u00e9it\u00e9r\u00e9 la de\u0301termination et la re\u0301solution des Forces de l&rsquo;Arme\u0301e Nationale Populaire a\u0300 perse\u0301ve\u0301rer dans sa lutte contre toute forme de terrorisme et de criminalite\u0301 organise\u0301e, afin de pre\u0301server la se\u0301curite\u0301 et la stabilite\u0301 a\u0300 travers tout le territoire du pays.<\/p>\n<p class=\"c6\"><strong>R\u00e9daction Web<\/strong><\/p>\n<\/div>\n<div id=\"text_core\" readability=\"57\">\n<p>Lors d&rsquo;une embuscade ope\u0301re\u0301e dans la zone de Gaadet Lahdjar, commune de Tarek Ben Ziad, wilaya d&rsquo;Ai\u0308n Defla en 1e\u0300re Re\u0301gion Militaire, un de\u0301tachement de l&rsquo;Arme\u0301e Nationale Populaire s&rsquo;est accroche\u0301, hier soir 20 juin 2020, avec un groupe terroriste arme\u0301, ce qui a cause\u0301 le de\u0301ce\u0300s en martyr du caporal contractuel \u00ab\u00a0Znanda Mostafa\u00a0\u00bb, pendant l&rsquo;accomplissement de son devoir national, annonce, dimanche, le minist\u00e8re de La D\u00e9fense nationale, pr\u00e9cisant que les de\u0301tachements de l&rsquo;Arme\u0301e Nationale Populaire participant a\u0300 cette ope\u0301ration toujours en cours, ont pris toutes les mesures se\u0301curitaires ne\u0301cessaires pour le bouclage et le ratissage de cette zone, et la poursuite de ces criminels.<\/p>\n<p>Le Ge\u0301ne\u0301ral-Major Sai\u0308d Chanegriha, Chef d&rsquo;Etat-Major de l&rsquo;Arme\u0301e Nationale Populaire par Inte\u0301rim , qui a adress\u00e9 ses since\u0300res condole\u0301ances a\u0300 la famille et aux proches du Chahid, a r\u00e9it\u00e9r\u00e9 la de\u0301termination et la re\u0301solution des Forces de l&rsquo;Arme\u0301e Nationale Populaire a\u0300 perse\u0301ve\u0301rer dans sa lutte contre toute forme de terrorisme et de criminalite\u0301 organise\u0301e, afin de pre\u0301server la se\u0301curite\u0301 et la stabilite\u0301 a\u0300 travers tout le territoire du pays.<\/p>\n<p class=\"c6\"><strong>R\u00e9daction Web<\/strong><\/p>\n<\/div>\n<p>Auteur:<br \/>\n<a href=\"https:\/\/www.liberte-algerie.com\/actualite\/deces-dun-militaire-dans-un-accrochage-avec-un-groupe-terroriste-340655\">Cliquez ici pour lire l&rsquo;article depuis sa source.<\/a><\/p>\n","protected":false},"excerpt":{"rendered":"<p>Lors d&rsquo;une embuscade ope\u0301re\u0301e dans la zone de Gaadet Lahdjar, commune de Tarek Ben Ziad, wilaya d&rsquo;Ai\u0308n Defla en 1e\u0300re Re\u0301gion Militaire, un de\u0301tachement de l&rsquo;Arme\u0301e Nationale Populaire s&rsquo;est accroche\u0301, hier soir 20 juin 2020, avec un groupe terroriste arme\u0301, ce qui a cause\u0301 le de\u0301ce\u0300s en martyr du caporal contractuel \u00ab\u00a0Znanda Mostafa\u00a0\u00bb, pendant l&rsquo;accomplissement [&hellip;]<\/p>\n","protected":false},"author":1742,"featured_media":0,"comment_status":"closed","ping_status":"closed","sticky":false,"template":"","format":"standard","meta":{"fifu_image_url":"","fifu_image_alt":"","footnotes":""},"categories":[73,53],"tags":[],"class_list":["post-89650","post","type-post","status-publish","format-standard","hentry","category-actualite","category-algerie"],"_links":{"self":[{"href":"https:\/\/linitiative.ca\/International\/wp-json\/wp\/v2\/posts\/89650","targetHints":{"allow":["GET"]}}],"collection":[{"href":"https:\/\/linitiative.ca\/International\/wp-json\/wp\/v2\/posts"}],"about":[{"href":"https:\/\/linitiative.ca\/International\/wp-json\/wp\/v2\/types\/post"}],"author":[{"embeddable":true,"href":"https:\/\/linitiative.ca\/International\/wp-json\/wp\/v2\/users\/1742"}],"replies":[{"embeddable":true,"href":"https:\/\/linitiative.ca\/International\/wp-json\/wp\/v2\/comments?post=89650"}],"version-history":[{"count":0,"href":"https:\/\/linitiative.ca\/International\/wp-json\/wp\/v2\/posts\/89650\/revisions"}],"wp:attachment":[{"href":"https:\/\/linitiative.ca\/International\/wp-json\/wp\/v2\/media?parent=89650"}],"wp:term":[{"taxonomy":"category","embeddable":true,"href":"https:\/\/linitiative.ca\/International\/wp-json\/wp\/v2\/categories?post=89650"},{"taxonomy":"post_tag","embeddable":true,"href":"https:\/\/linitiative.ca\/International\/wp-json\/wp\/v2\/tags?post=89650"}],"curies":[{"name":"wp","href":"https:\/\/api.w.org\/{rel}","templated":true}]}}