{"id":89652,"date":"2020-06-21T11:31:00","date_gmt":"2020-06-21T15:31:00","guid":{"rendered":"https:\/\/linitiative.ca\/International\/deces-de-laifa-le-frere-dahmed-ouyahia\/"},"modified":"2020-06-21T11:31:00","modified_gmt":"2020-06-21T15:31:00","slug":"deces-de-laifa-le-frere-dahmed-ouyahia","status":"publish","type":"post","link":"https:\/\/linitiative.ca\/International\/deces-de-laifa-le-frere-dahmed-ouyahia\/","title":{"rendered":"D\u00e9c\u00e8s de La\u00effa, le fr\u00e8re d&rsquo;Ahmed Ouyahia"},"content":{"rendered":"<div id=\"originalText\" readability=\"60\">\n<p>La\u00effa Ouyahia, fr\u00e8re et avocat de l&rsquo;ancien Premier ministre Ahmed Ouyahia, est d\u00e9c\u00e9d\u00e9, ce dimanche, des suites d&rsquo;une crise cardiaque, a appris Libert\u00e9 aupr\u00e8s de plusieurs\u00a0confr\u00e8res du d\u00e9funt.\u00a0<\/p>\n<p>La\u00effa Ouyahia \u00e9tait d&rsquo;ailleurs absent aujourd&rsquo;hui \u00e0 l&rsquo;ouverture du proc\u00e8s Ali Haddad, dans lequel est poursuivi l&rsquo;ancien Premier ministre, Ahmed Ouyahia, ainsi que plusieurs ex-hauts responsables. L&rsquo;audience a d&rsquo;ailleurs \u00e9t\u00e9 suspendue, en fin d&rsquo;apr\u00e8s midi, aussit\u00f4t apr\u00e8s la diffusion de la nouvelle.\u00a0\u00a0<\/p>\n<p>A signaler que le d\u00e9funt avait protest\u00e9, samedi, lors du proc\u00e8s Mourad Oulmi, pr\u00e9sident du Groupe\u00a0Sovac, et dans le quel est \u00e9galement poursuivi Ahmed Ouyahia, en raison de la transmission du proc\u00e8s sur des \u00e9crans \u00e0 l&rsquo;int\u00e9rieur du tribunal, permettant\u00a0 \u00e0 des chaines TV priv\u00e9s de relayer les images sur leurs m\u00e9dias.\u00a0<\/p>\n<p class=\"c6\"><strong>R\u00e9daction Web\u00a0<\/strong><\/p>\n<\/div>\n<div id=\"text_core\" readability=\"60\">\n<p>La\u00effa Ouyahia, fr\u00e8re et avocat de l&rsquo;ancien Premier ministre Ahmed Ouyahia, est d\u00e9c\u00e9d\u00e9, ce dimanche, des suites d&rsquo;une crise cardiaque, a appris Libert\u00e9 aupr\u00e8s de plusieurs\u00a0confr\u00e8res du d\u00e9funt.\u00a0<\/p>\n<p>La\u00effa Ouyahia \u00e9tait d&rsquo;ailleurs absent aujourd&rsquo;hui \u00e0 l&rsquo;ouverture du proc\u00e8s Ali Haddad, dans lequel est poursuivi l&rsquo;ancien Premier ministre, Ahmed Ouyahia, ainsi que plusieurs ex-hauts responsables. L&rsquo;audience a d&rsquo;ailleurs \u00e9t\u00e9 suspendue, en fin d&rsquo;apr\u00e8s midi, aussit\u00f4t apr\u00e8s la diffusion de la nouvelle.\u00a0\u00a0<\/p>\n<p>A signaler que le d\u00e9funt avait protest\u00e9, samedi, lors du proc\u00e8s Mourad Oulmi, pr\u00e9sident du Groupe\u00a0Sovac, et dans le quel est \u00e9galement poursuivi Ahmed Ouyahia, en raison de la transmission du proc\u00e8s sur des \u00e9crans \u00e0 l&rsquo;int\u00e9rieur du tribunal, permettant\u00a0 \u00e0 des chaines TV priv\u00e9s de relayer les images sur leurs m\u00e9dias.\u00a0<\/p>\n<p class=\"c6\"><strong>R\u00e9daction Web\u00a0<\/strong><\/p>\n<\/div>\n<p>Auteur:<br \/>\n<a href=\"https:\/\/www.liberte-algerie.com\/actualite\/deces-de-laifa-le-frere-dahmed-ouyahia-340657\">Cliquez ici pour lire l&rsquo;article depuis sa source.<\/a><\/p>\n","protected":false},"excerpt":{"rendered":"<p>La\u00effa Ouyahia, fr\u00e8re et avocat de l&rsquo;ancien Premier ministre Ahmed Ouyahia, est d\u00e9c\u00e9d\u00e9, ce dimanche, des suites d&rsquo;une crise cardiaque, a appris Libert\u00e9 aupr\u00e8s de plusieurs\u00a0confr\u00e8res du d\u00e9funt.\u00a0 La\u00effa Ouyahia \u00e9tait d&rsquo;ailleurs absent aujourd&rsquo;hui \u00e0 l&rsquo;ouverture du proc\u00e8s Ali Haddad, dans lequel est poursuivi l&rsquo;ancien Premier ministre, Ahmed Ouyahia, ainsi que plusieurs ex-hauts responsables. L&rsquo;audience [&hellip;]<\/p>\n","protected":false},"author":1742,"featured_media":0,"comment_status":"closed","ping_status":"closed","sticky":false,"template":"","format":"standard","meta":{"fifu_image_url":"","fifu_image_alt":"","footnotes":""},"categories":[73,53],"tags":[],"class_list":["post-89652","post","type-post","status-publish","format-standard","hentry","category-actualite","category-algerie"],"_links":{"self":[{"href":"https:\/\/linitiative.ca\/International\/wp-json\/wp\/v2\/posts\/89652","targetHints":{"allow":["GET"]}}],"collection":[{"href":"https:\/\/linitiative.ca\/International\/wp-json\/wp\/v2\/posts"}],"about":[{"href":"https:\/\/linitiative.ca\/International\/wp-json\/wp\/v2\/types\/post"}],"author":[{"embeddable":true,"href":"https:\/\/linitiative.ca\/International\/wp-json\/wp\/v2\/users\/1742"}],"replies":[{"embeddable":true,"href":"https:\/\/linitiative.ca\/International\/wp-json\/wp\/v2\/comments?post=89652"}],"version-history":[{"count":0,"href":"https:\/\/linitiative.ca\/International\/wp-json\/wp\/v2\/posts\/89652\/revisions"}],"wp:attachment":[{"href":"https:\/\/linitiative.ca\/International\/wp-json\/wp\/v2\/media?parent=89652"}],"wp:term":[{"taxonomy":"category","embeddable":true,"href":"https:\/\/linitiative.ca\/International\/wp-json\/wp\/v2\/categories?post=89652"},{"taxonomy":"post_tag","embeddable":true,"href":"https:\/\/linitiative.ca\/International\/wp-json\/wp\/v2\/tags?post=89652"}],"curies":[{"name":"wp","href":"https:\/\/api.w.org\/{rel}","templated":true}]}}