{"id":89660,"date":"2020-06-21T13:26:18","date_gmt":"2020-06-21T17:26:18","guid":{"rendered":"https:\/\/linitiative.ca\/International\/138-nouveaux-cas-confirmes-au-maroc-61-guerisons-en-24h\/"},"modified":"2020-06-21T13:26:18","modified_gmt":"2020-06-21T17:26:18","slug":"138-nouveaux-cas-confirmes-au-maroc-61-guerisons-en-24h","status":"publish","type":"post","link":"https:\/\/linitiative.ca\/International\/138-nouveaux-cas-confirmes-au-maroc-61-guerisons-en-24h\/","title":{"rendered":"138 nouveaux cas confirm\u00e9s au Maroc, 61 gu\u00e9risons en 24h"},"content":{"rendered":"<div class=\"single-featured\"><img alt=\"\" data-src=\"http:\/\/www.mapoujda.ma\/map\/uploads\/2020\/06\/9977-Bilan-FR-site-R&#xE9;gionaux-M750&#xD7;430-MAP.jpg\"\/><\/div>\n<div class=\"entry-content clearfix single-post-content\" readability=\"52\">\n<p class=\"c4\">Cent trente-huit (138) nouveaux cas d\u2019infection au coronavirus (Covid-19) ont \u00e9t\u00e9 enregistr\u00e9s au Maroc au cours des derni\u00e8res 24H, a annonc\u00e9 dimanche le minist\u00e8re de la Sant\u00e9.<\/p>\n<p class=\"c4\">Ce nouveau bilan porte \u00e0 9.977 le nombre de contaminations dans le Royaume depuis le premier cas signal\u00e9 le 2 mars dernier, et \u00e0 8.284 le nombre des personnes totalement r\u00e9tablies, soit un taux de gu\u00e9rison avoisinant 83% apr\u00e8s 61 nouvelles gu\u00e9risons enregistr\u00e9es ces derni\u00e8res 24h, a pr\u00e9cis\u00e9 la cheffe du service des maladies \u00e9pid\u00e9miques \u00e0 la Direction de l\u2019\u00e9pid\u00e9miologie relevant du minist\u00e8re de la Sant\u00e9, Hind Ezzine, dans une d\u00e9claration retransmise par la MAP sur sa cha\u00eene de t\u00e9l\u00e9vision M24 et sur RIM RADIO.<\/p>\n<p class=\"c4\">Le nombre des d\u00e9c\u00e8s est pass\u00e9 \u00e0 214, soit un taux de l\u00e9talit\u00e9 de 2,1%, a-t-elle ajout\u00e9, faisant savoir que le nombre des cas exclus apr\u00e8s des r\u00e9sultats n\u00e9gatifs d\u2019analyses effectu\u00e9es au laboratoire se chiffre \u00e0 528.214.<\/p>\n<\/div>\n<p>Auteur: Soufiane ELAHMAR<br \/>\n<a href=\"http:\/\/www.mapoujda.ma\/fr\/138-nouveaux-cas-confirmes-au-maroc-61-guerisons-en-24h\/\">Cliquez ici pour lire l&rsquo;article depuis sa source.<\/a><\/p>\n","protected":false},"excerpt":{"rendered":"<p>Cent trente-huit (138) nouveaux cas d\u2019infection au coronavirus (Covid-19) ont \u00e9t\u00e9 enregistr\u00e9s au Maroc au cours des derni\u00e8res 24H, a annonc\u00e9 dimanche le minist\u00e8re de la Sant\u00e9. Ce nouveau bilan porte \u00e0 9.977 le nombre de contaminations dans le Royaume depuis le premier cas signal\u00e9 le 2 mars dernier, et \u00e0 8.284 le nombre des [&hellip;]<\/p>\n","protected":false},"author":1788,"featured_media":89661,"comment_status":"closed","ping_status":"closed","sticky":false,"template":"","format":"standard","meta":{"fifu_image_url":"","fifu_image_alt":"","footnotes":""},"categories":[54,76],"tags":[],"class_list":["post-89660","post","type-post","status-publish","format-standard","has-post-thumbnail","hentry","category-maroc","category-regions"],"_links":{"self":[{"href":"https:\/\/linitiative.ca\/International\/wp-json\/wp\/v2\/posts\/89660","targetHints":{"allow":["GET"]}}],"collection":[{"href":"https:\/\/linitiative.ca\/International\/wp-json\/wp\/v2\/posts"}],"about":[{"href":"https:\/\/linitiative.ca\/International\/wp-json\/wp\/v2\/types\/post"}],"author":[{"embeddable":true,"href":"https:\/\/linitiative.ca\/International\/wp-json\/wp\/v2\/users\/1788"}],"replies":[{"embeddable":true,"href":"https:\/\/linitiative.ca\/International\/wp-json\/wp\/v2\/comments?post=89660"}],"version-history":[{"count":0,"href":"https:\/\/linitiative.ca\/International\/wp-json\/wp\/v2\/posts\/89660\/revisions"}],"wp:featuredmedia":[{"embeddable":true,"href":"https:\/\/linitiative.ca\/International\/wp-json\/"}],"wp:attachment":[{"href":"https:\/\/linitiative.ca\/International\/wp-json\/wp\/v2\/media?parent=89660"}],"wp:term":[{"taxonomy":"category","embeddable":true,"href":"https:\/\/linitiative.ca\/International\/wp-json\/wp\/v2\/categories?post=89660"},{"taxonomy":"post_tag","embeddable":true,"href":"https:\/\/linitiative.ca\/International\/wp-json\/wp\/v2\/tags?post=89660"}],"curies":[{"name":"wp","href":"https:\/\/api.w.org\/{rel}","templated":true}]}}