{"id":89662,"date":"2020-06-21T12:01:00","date_gmt":"2020-06-21T16:01:00","guid":{"rendered":"https:\/\/linitiative.ca\/International\/vers-le-repechage-de-yassine-amri\/"},"modified":"2020-06-21T12:01:00","modified_gmt":"2020-06-21T16:01:00","slug":"vers-le-repechage-de-yassine-amri","status":"publish","type":"post","link":"https:\/\/linitiative.ca\/International\/vers-le-repechage-de-yassine-amri\/","title":{"rendered":"Vers le rep\u00eachage de Yassine Amri !"},"content":{"rendered":"<p><span class=\"c2\">L\u2019\u00e9quipe dirigeante de l\u2019Etoile serait int\u00e9ress\u00e9e par la r\u00e9cup\u00e9ration de l\u2019ancien attaquant et pur produit du club Yassine Amri qui a \u00e9volu\u00e9 la saison pass\u00e9e avec l\u2019USMo.<br \/>Il s\u2019agit d\u2019un gar\u00e7on dou\u00e9 techniquement et qui \u00e9tait promis \u00e0 un bel avenir au point de le consid\u00e9rer par les entraineurs qui avaient veill\u00e9 sur sa formation comme l\u2019un de \u00e9l\u00e9ments les plus dou\u00e9s de sa g\u00e9n\u00e9ration.<br \/>Toutefois, ses erreurs comportementales et une mauvaise gestion de son cas par certains responsables, lui ont fait perdre du temps.<br \/>Une relance de sa carri\u00e8re est d\u00e9sormais permise avec son club de c\u0153ur. La balle est d\u00e9sormais dans son camp\u2026<\/span><\/p>\n<p>Une 2\u00e8me purge<br \/>en perspective<br \/>Au terme de cette phase de pr\u00e9paration, une seconde op\u00e9ration de tri sera effectu\u00e9e, cette fois-ci qui va toucher le contingent des 18 jeunes \u00e9l\u00e9ments promus en \u00e9quipe premi\u00e8re ; afin de garder les meilleurs et de permettre aux autres de perfectionner leur apprentissage avec la cat\u00e9gorie Elite.<\/p>\n<p class=\"c3\"><span class=\"c2\"><strong>Hatem REGAIEG<\/strong><\/span><br \/>\u00a0<\/p>\n<p>Auteur: letemps1<br \/>\n<a href=\"http:\/\/www.letemps.com.tn\/article\/115032\/vers-le-rep%C3%AAchage-de-yassine-amri\">Cliquez ici pour lire l&rsquo;article depuis sa source.<\/a><\/p>\n","protected":false},"excerpt":{"rendered":"<p>L\u2019\u00e9quipe dirigeante de l\u2019Etoile serait int\u00e9ress\u00e9e par la r\u00e9cup\u00e9ration de l\u2019ancien attaquant et pur produit du club Yassine Amri qui a \u00e9volu\u00e9 la saison pass\u00e9e avec l\u2019USMo.Il s\u2019agit d\u2019un gar\u00e7on dou\u00e9 techniquement et qui \u00e9tait promis \u00e0 un bel avenir au point de le consid\u00e9rer par les entraineurs qui avaient veill\u00e9 sur sa formation comme [&hellip;]<\/p>\n","protected":false},"author":1773,"featured_media":0,"comment_status":"closed","ping_status":"closed","sticky":false,"template":"","format":"standard","meta":{"fifu_image_url":"","fifu_image_alt":"","footnotes":""},"categories":[73,55],"tags":[],"class_list":["post-89662","post","type-post","status-publish","format-standard","hentry","category-actualite","category-tunisie"],"_links":{"self":[{"href":"https:\/\/linitiative.ca\/International\/wp-json\/wp\/v2\/posts\/89662","targetHints":{"allow":["GET"]}}],"collection":[{"href":"https:\/\/linitiative.ca\/International\/wp-json\/wp\/v2\/posts"}],"about":[{"href":"https:\/\/linitiative.ca\/International\/wp-json\/wp\/v2\/types\/post"}],"author":[{"embeddable":true,"href":"https:\/\/linitiative.ca\/International\/wp-json\/wp\/v2\/users\/1773"}],"replies":[{"embeddable":true,"href":"https:\/\/linitiative.ca\/International\/wp-json\/wp\/v2\/comments?post=89662"}],"version-history":[{"count":0,"href":"https:\/\/linitiative.ca\/International\/wp-json\/wp\/v2\/posts\/89662\/revisions"}],"wp:attachment":[{"href":"https:\/\/linitiative.ca\/International\/wp-json\/wp\/v2\/media?parent=89662"}],"wp:term":[{"taxonomy":"category","embeddable":true,"href":"https:\/\/linitiative.ca\/International\/wp-json\/wp\/v2\/categories?post=89662"},{"taxonomy":"post_tag","embeddable":true,"href":"https:\/\/linitiative.ca\/International\/wp-json\/wp\/v2\/tags?post=89662"}],"curies":[{"name":"wp","href":"https:\/\/api.w.org\/{rel}","templated":true}]}}