{"id":89664,"date":"2020-06-21T12:04:36","date_gmt":"2020-06-21T16:04:36","guid":{"rendered":"https:\/\/linitiative.ca\/International\/les-setif-renouvelle-sa-confiance-en-nabil-kouki\/"},"modified":"2020-06-21T12:04:36","modified_gmt":"2020-06-21T16:04:36","slug":"les-setif-renouvelle-sa-confiance-en-nabil-kouki","status":"publish","type":"post","link":"https:\/\/linitiative.ca\/International\/les-setif-renouvelle-sa-confiance-en-nabil-kouki\/","title":{"rendered":"L\u2019ES S\u00e9tif renouvelle  sa confiance en Nabil Kouki"},"content":{"rendered":"<p>Le club alg\u00e9rien ambitionne le titre<\/p>\n<footer class=\"submitted clearfix\">\n<p><span class=\"date-display-single\" property=\"dc:date\" datatype=\"xsd:dateTime\" content=\"2020-06-21T00:00:00+01:00\">Dimanche 21 Juin 2020<\/span><\/p>\n<\/footer>\n<div class=\"content clearfix\" readability=\"41.857045609258\"><span class=\"print-link\"><span class=\"print_html\"><a href=\"http:\/\/www.letemps.com.tn\/print\/115034\" title=\"Display a printer-friendly version of this page.\" class=\"print-page\" onclick=\"window.open(this.href); return false\" rel=\"nofollow\"><img decoding=\"async\" class=\"print-icon\" typeof=\"foaf:Image\" src=\"http:\/\/www.letemps.com.tn\/sites\/all\/modules\/print\/icons\/print_icon.gif\" alt=\"\u0646\u0633\u062e\u0629 \u0644\u0644\u0637\u0628\u0627\u0639\u0629\" title=\"\u0646\u0633\u062e\u0629 \u0644\u0644\u0637\u0628\u0627\u0639\u0629\"\/><\/a><\/span><\/span><\/p>\n<div class=\"beacon9-social\">\n<p><iframe src=\"http:\/\/www.facebook.com\/plugins\/like.php?href=http%3A%2F%2Fwww.letemps.com.tn%2Farticle%2F115034%2Fl%25E2%2580%2599es-s%25C3%25A9tif-renouvelle-sa-confiance-en-nabil-kouki&amp;layout=button_count&amp;show_faces=false&amp;action=like&amp;font=arial&amp;colorscheme=light\" scrolling=\"no\" frameborder=\"0\" class=\"c1\" allowtransparency=\"true\">[embedded content]<\/iframe><\/p>\n<\/div>\n<div class=\"field field-name-field-op-main-image field-type-image field-label-hidden field-items field-item even\"><img loading=\"lazy\" decoding=\"async\" typeof=\"foaf:Image\" src=\"http:\/\/www.letemps.com.tn\/sites\/www.letemps.com.tn\/files\/styles\/620px_wide\/public\/main\/articles\/Sans titre-33_0.jpg\" width=\"675\" height=\"423\" alt=\"\"\/><\/div>\n<div class=\"field field-name-body field-type-text-with-summary field-label-hidden field-items field-item even\" readability=\"54\">\n<p>L\u2019\u00e9quipe alg\u00e9rienne\u00a0 de l&rsquo;Entente sportive de Setif (ESS) a renouvel\u00e9, jeudi dernier, sa confiance en certains membres de son conseil d&rsquo;administration et ce, pour quatre saisons suppl\u00e9mentaires, tout en y int\u00e9grant deux nouveaux membres dont un homme d&rsquo;affaires et un repr\u00e9sentant des supporters selon des m\u00e9dias alg\u00e9riens.<br \/>Le pr\u00e9sident du conseil d&rsquo;administration, Ezzeddine Aarab a indiqu\u00e9 dans une d\u00e9claration \u00e0 une radio alg\u00e9rienne,\u00a0 indiqu\u00e9 que le fait de reconduire l&rsquo;actuel conseil d&rsquo;administration, permettra aux responsables de travailler dans des conditions meilleures et de tracer des objectifs bien d\u00e9finis. Lequel pr\u00e9sident\u00a0 n\u2019a pas manqu\u00e9 d\u2019assurer que le coach tunisien et directeur technique de l&rsquo;ES S\u00e9tif, Nabil Kouki, d\u00e9sire poursuivre sa mission \u00e0 la t\u00eate de l&rsquo;\u00e9quipe jusqu&rsquo;\u00e0 la fin de la saison prochaine.<br \/>\u00ab\u00a0Kouki, au m\u00eame titre de les joueurs, veut gagner des troph\u00e9es avec le club et nous sommes proches de remporter un, voire deux titres en cas de reprise de la saison en cours\u00a0\u00bb, a fait savoir Aarab.<br \/>Selon lui, \u00ab l&rsquo;Entente\u00a0\u00a0 est un s\u00e9rieux pr\u00e9tendant pour le championnat et la coupe. Toutefois la situation demeure difficile en raison de la pand\u00e9mie du coronavirus, ayant\u00a0 entra\u00een\u00e9 la suspension de toutes les activit\u00e9s sportives en Alg\u00e9rie depuis mars dernier \u00bb.<br \/>L\u2019espoir reste, n\u00e9anmoins, permis dans la mesure o\u00f9 on s\u2019achemine, croyons-nous savoir, sur la reprise du championnat.<\/p>\n<p class=\"c2\"><strong>R.B.A<\/strong><\/p>\n<\/div>\n<\/div>\n<p>Auteur: letemps1<br \/>\n<a href=\"http:\/\/www.letemps.com.tn\/article\/115034\/l%E2%80%99es-s%C3%A9tif-renouvelle-sa-confiance-en-nabil-kouki\">Cliquez ici pour lire l&rsquo;article depuis sa source.<\/a><\/p>\n","protected":false},"excerpt":{"rendered":"<p>Le club alg\u00e9rien ambitionne le titre Dimanche 21 Juin 2020 [embedded content] L\u2019\u00e9quipe alg\u00e9rienne\u00a0 de l&rsquo;Entente sportive de Setif (ESS) a renouvel\u00e9, jeudi dernier, sa confiance en certains membres de son conseil d&rsquo;administration et ce, pour quatre saisons suppl\u00e9mentaires, tout en y int\u00e9grant deux nouveaux membres dont un homme d&rsquo;affaires et un repr\u00e9sentant des supporters [&hellip;]<\/p>\n","protected":false},"author":1773,"featured_media":89665,"comment_status":"closed","ping_status":"closed","sticky":false,"template":"","format":"standard","meta":{"fifu_image_url":"","fifu_image_alt":"","footnotes":""},"categories":[73,55],"tags":[],"class_list":["post-89664","post","type-post","status-publish","format-standard","has-post-thumbnail","hentry","category-actualite","category-tunisie"],"_links":{"self":[{"href":"https:\/\/linitiative.ca\/International\/wp-json\/wp\/v2\/posts\/89664","targetHints":{"allow":["GET"]}}],"collection":[{"href":"https:\/\/linitiative.ca\/International\/wp-json\/wp\/v2\/posts"}],"about":[{"href":"https:\/\/linitiative.ca\/International\/wp-json\/wp\/v2\/types\/post"}],"author":[{"embeddable":true,"href":"https:\/\/linitiative.ca\/International\/wp-json\/wp\/v2\/users\/1773"}],"replies":[{"embeddable":true,"href":"https:\/\/linitiative.ca\/International\/wp-json\/wp\/v2\/comments?post=89664"}],"version-history":[{"count":0,"href":"https:\/\/linitiative.ca\/International\/wp-json\/wp\/v2\/posts\/89664\/revisions"}],"wp:featuredmedia":[{"embeddable":true,"href":"https:\/\/linitiative.ca\/International\/wp-json\/"}],"wp:attachment":[{"href":"https:\/\/linitiative.ca\/International\/wp-json\/wp\/v2\/media?parent=89664"}],"wp:term":[{"taxonomy":"category","embeddable":true,"href":"https:\/\/linitiative.ca\/International\/wp-json\/wp\/v2\/categories?post=89664"},{"taxonomy":"post_tag","embeddable":true,"href":"https:\/\/linitiative.ca\/International\/wp-json\/wp\/v2\/tags?post=89664"}],"curies":[{"name":"wp","href":"https:\/\/api.w.org\/{rel}","templated":true}]}}