{"id":89668,"date":"2020-06-21T15:13:43","date_gmt":"2020-06-21T19:13:43","guid":{"rendered":"https:\/\/linitiative.ca\/International\/international-om-le-prix-de-florian-thauvin-a-ete-fixe\/"},"modified":"2020-06-21T15:13:43","modified_gmt":"2020-06-21T19:13:43","slug":"international-om-le-prix-de-florian-thauvin-a-ete-fixe","status":"publish","type":"post","link":"https:\/\/linitiative.ca\/International\/international-om-le-prix-de-florian-thauvin-a-ete-fixe\/","title":{"rendered":"International : OM : Le prix de Florian Thauvin a \u00e9t\u00e9 fix\u00e9"},"content":{"rendered":"<div readability=\"32\">\n<p>Auteur : <span class=\"time\">dimanche 21 juin 2020 13:25<\/span><\/p>\n<\/div>\n<div id=\"post_core\" readability=\"47\">\n<p>Si les Phoc\u00e9ens vont pouvoir disputer la prochaine Ligue des Champions, ces derniers ont tout de m\u00eame re\u00e7u une amende de 3 millions d\u2019euros et ils vont \u00e9galement se voir retenir 15% des revenus per\u00e7us en coupes d\u2019Europe sur les deux prochaines saisons. Donc une chose s\u00fbre, le dauphin du PSG en Ligue 1 cette saison va devoir vendre. Certains cadres de l\u2019effectif ne seront pas retenus dont Florian Thauvin. En fin de contrat dans un an,\u00a0Les-Transferts nous r\u00e9v\u00e8le que le joueur serait invit\u00e9 \u00e0 partir mais ce dernier souhaite rester.<\/p>\n<p>Estim\u00e9 \u00e0 80 millions d\u2019euros il y a deux ans lorsqu\u2019il \u00e9tait devenu champion du monde avec l\u2019\u00e9quipe de France, l\u2019international tricolore n\u2019a plus du tout la m\u00eame valeur. Bless\u00e9 tout au long de la saison, le gaucher marseillais de 27 ans ne sera pas retenu et aujourd\u2019hui on connait l\u2019indemnit\u00e9 de transfert que r\u00e9clamera l\u2019OM. Ses dirigeants auraient fix\u00e9 un prix de d\u00e9part de 20 millions d\u2019euros.<\/p>\n<p><strong>Publi\u00e9 dans :<\/strong> <span>OM : Florian Thauvin<\/span><\/p>\n<\/div>\n<p>Auteur:<br \/>\n<a href=\"http:\/\/www.lebuteur.com\/article\/detail?titre=om-le-prix-de-florian-thauvin-a-ete-fixe&#038;id=96335&#038;utm_source=feedburner&#038;utm_medium=feed&#038;utm_campaign=Feed%3A+GalerieFArtciles+%28Les+derniers+articles++-+lebuteur.com%29\">Cliquez ici pour lire l&rsquo;article depuis sa source.<\/a><\/p>\n","protected":false},"excerpt":{"rendered":"<p>Auteur : dimanche 21 juin 2020 13:25 Si les Phoc\u00e9ens vont pouvoir disputer la prochaine Ligue des Champions, ces derniers ont tout de m\u00eame re\u00e7u une amende de 3 millions d\u2019euros et ils vont \u00e9galement se voir retenir 15% des revenus per\u00e7us en coupes d\u2019Europe sur les deux prochaines saisons. Donc une chose s\u00fbre, le [&hellip;]<\/p>\n","protected":false},"author":1738,"featured_media":89669,"comment_status":"closed","ping_status":"closed","sticky":false,"template":"","format":"standard","meta":{"fifu_image_url":"","fifu_image_alt":"","footnotes":""},"categories":[53,75],"tags":[],"class_list":["post-89668","post","type-post","status-publish","format-standard","has-post-thumbnail","hentry","category-algerie","category-sport"],"_links":{"self":[{"href":"https:\/\/linitiative.ca\/International\/wp-json\/wp\/v2\/posts\/89668","targetHints":{"allow":["GET"]}}],"collection":[{"href":"https:\/\/linitiative.ca\/International\/wp-json\/wp\/v2\/posts"}],"about":[{"href":"https:\/\/linitiative.ca\/International\/wp-json\/wp\/v2\/types\/post"}],"author":[{"embeddable":true,"href":"https:\/\/linitiative.ca\/International\/wp-json\/wp\/v2\/users\/1738"}],"replies":[{"embeddable":true,"href":"https:\/\/linitiative.ca\/International\/wp-json\/wp\/v2\/comments?post=89668"}],"version-history":[{"count":0,"href":"https:\/\/linitiative.ca\/International\/wp-json\/wp\/v2\/posts\/89668\/revisions"}],"wp:featuredmedia":[{"embeddable":true,"href":"https:\/\/linitiative.ca\/International\/wp-json\/"}],"wp:attachment":[{"href":"https:\/\/linitiative.ca\/International\/wp-json\/wp\/v2\/media?parent=89668"}],"wp:term":[{"taxonomy":"category","embeddable":true,"href":"https:\/\/linitiative.ca\/International\/wp-json\/wp\/v2\/categories?post=89668"},{"taxonomy":"post_tag","embeddable":true,"href":"https:\/\/linitiative.ca\/International\/wp-json\/wp\/v2\/tags?post=89668"}],"curies":[{"name":"wp","href":"https:\/\/api.w.org\/{rel}","templated":true}]}}