{"id":89670,"date":"2020-06-21T15:13:44","date_gmt":"2020-06-21T19:13:44","guid":{"rendered":"https:\/\/linitiative.ca\/International\/international-las-palmas-un-jeune-joueur-est-decede\/"},"modified":"2020-06-21T15:13:44","modified_gmt":"2020-06-21T19:13:44","slug":"international-las-palmas-un-jeune-joueur-est-decede","status":"publish","type":"post","link":"https:\/\/linitiative.ca\/International\/international-las-palmas-un-jeune-joueur-est-decede\/","title":{"rendered":"International : Las Palmas : Un jeune joueur est d\u00e9c\u00e9d\u00e9"},"content":{"rendered":"<div readability=\"32\">\n<p>Auteur : <span class=\"time\">dimanche 21 juin 2020 13:35<\/span><\/p>\n<\/div>\n<div id=\"post_core\" readability=\"56\">\n<p>L&rsquo;UD Las Palmas a appris le d\u00e9c\u00e8s de l&rsquo;un de ses jeunes joueurs. Jorge Sanchez Vaca (17 ans), qui devait int\u00e9grer la saison prochaine l&rsquo;\u00e9quipe premi\u00e8re, a perdu la vie ce week-end. Selon\u00a0Footmercato, l&rsquo;adolescent et un autre gar\u00e7on, \u00e2g\u00e9 lui de 15 ans, se sont noy\u00e9s dans le canal d&rsquo;Orellana, dans la commune d&rsquo;Hernan Cortes, situ\u00e9e dans le sud-ouest de l&rsquo;Espagne. Selon la m\u00eame source les deux jeunes hommes se baignaient dans le canal avec deux amis et ont \u00e9t\u00e9 emport\u00e9s par le courant.<\/p>\n<p>Leurs deux amis ont pu s&rsquo;extirper des eaux pour aller demander de l&rsquo;aide, en vain. Les gestes de r\u00e9animation n&rsquo;ont\u00a0pas suffit \u00e0 leur sauver la vie.\u00a0\u00ab L&rsquo;UD Las Palmas regrette profond\u00e9ment la mort de l&rsquo;ancien joueur de notre \u00e9quipe cadet, Jorge S\u00e1nchez Vaca, qui, venant de l&rsquo;UD Jand\u00eda, avait pr\u00e9vu de rejoindre notre Juvenil A la saison prochaine. Nous envoyons nos condol\u00e9ances \u00e0 sa famille et ses amis. D.E.P (Repose en paix, ndlr) \u00bb, a \u00e9crit le club des \u00celes Canaries sur son compte\u00a0Twitter.<\/p>\n<p><strong>Publi\u00e9 dans :<\/strong> <span>Las Palmas<\/span> <span>Jorge S\u00e1nchez Vaca<\/span><\/p>\n<\/div>\n<p>Auteur:<br \/>\n<a href=\"http:\/\/www.lebuteur.com\/article\/detail?titre=las-palmas-un-jeune-joueur-est-decede&#038;id=96336&#038;utm_source=feedburner&#038;utm_medium=feed&#038;utm_campaign=Feed%3A+GalerieFArtciles+%28Les+derniers+articles++-+lebuteur.com%29\">Cliquez ici pour lire l&rsquo;article depuis sa source.<\/a><\/p>\n","protected":false},"excerpt":{"rendered":"<p>Auteur : dimanche 21 juin 2020 13:35 L&rsquo;UD Las Palmas a appris le d\u00e9c\u00e8s de l&rsquo;un de ses jeunes joueurs. Jorge Sanchez Vaca (17 ans), qui devait int\u00e9grer la saison prochaine l&rsquo;\u00e9quipe premi\u00e8re, a perdu la vie ce week-end. Selon\u00a0Footmercato, l&rsquo;adolescent et un autre gar\u00e7on, \u00e2g\u00e9 lui de 15 ans, se sont noy\u00e9s dans le [&hellip;]<\/p>\n","protected":false},"author":1738,"featured_media":89671,"comment_status":"closed","ping_status":"closed","sticky":false,"template":"","format":"standard","meta":{"fifu_image_url":"","fifu_image_alt":"","footnotes":""},"categories":[53,75],"tags":[],"class_list":["post-89670","post","type-post","status-publish","format-standard","has-post-thumbnail","hentry","category-algerie","category-sport"],"_links":{"self":[{"href":"https:\/\/linitiative.ca\/International\/wp-json\/wp\/v2\/posts\/89670","targetHints":{"allow":["GET"]}}],"collection":[{"href":"https:\/\/linitiative.ca\/International\/wp-json\/wp\/v2\/posts"}],"about":[{"href":"https:\/\/linitiative.ca\/International\/wp-json\/wp\/v2\/types\/post"}],"author":[{"embeddable":true,"href":"https:\/\/linitiative.ca\/International\/wp-json\/wp\/v2\/users\/1738"}],"replies":[{"embeddable":true,"href":"https:\/\/linitiative.ca\/International\/wp-json\/wp\/v2\/comments?post=89670"}],"version-history":[{"count":0,"href":"https:\/\/linitiative.ca\/International\/wp-json\/wp\/v2\/posts\/89670\/revisions"}],"wp:featuredmedia":[{"embeddable":true,"href":"https:\/\/linitiative.ca\/International\/wp-json\/"}],"wp:attachment":[{"href":"https:\/\/linitiative.ca\/International\/wp-json\/wp\/v2\/media?parent=89670"}],"wp:term":[{"taxonomy":"category","embeddable":true,"href":"https:\/\/linitiative.ca\/International\/wp-json\/wp\/v2\/categories?post=89670"},{"taxonomy":"post_tag","embeddable":true,"href":"https:\/\/linitiative.ca\/International\/wp-json\/wp\/v2\/tags?post=89670"}],"curies":[{"name":"wp","href":"https:\/\/api.w.org\/{rel}","templated":true}]}}