{"id":89674,"date":"2020-06-21T15:13:48","date_gmt":"2020-06-21T19:13:48","guid":{"rendered":"https:\/\/linitiative.ca\/International\/equipe-dalgerie-lhotel-des-fennecs-a-sidi-moussa-sera-receptionne-en-septembre\/"},"modified":"2020-06-21T15:13:48","modified_gmt":"2020-06-21T19:13:48","slug":"equipe-dalgerie-lhotel-des-fennecs-a-sidi-moussa-sera-receptionne-en-septembre","status":"publish","type":"post","link":"https:\/\/linitiative.ca\/International\/equipe-dalgerie-lhotel-des-fennecs-a-sidi-moussa-sera-receptionne-en-septembre\/","title":{"rendered":"Equipe d&rsquo;Alg\u00e9rie : L&rsquo;h\u00f4tel des Fennecs \u00e0 Sidi-Moussa sera r\u00e9ceptionn\u00e9 en septembre"},"content":{"rendered":"<div readability=\"32\">\n<p>Auteur : <span>APS<\/span> <span class=\"time\">dimanche 21 juin 2020 18:40<\/span><\/p>\n<\/div>\n<div id=\"post_core\" readability=\"42\">\n<p>L&rsquo;h\u00f4tel des Fennecs, r\u00e9serv\u00e9 \u00e0 l&rsquo;\u00e9quipe nationale de football au niveau du Centre technique national de Sidi-Moussa (Alger), sera r\u00e9ceptionn\u00e9 \u00ab\u00a0vers le mois de septembre prochain\u00a0\u00bb, a indiqu\u00e9 la F\u00e9d\u00e9ration alg\u00e9rienne de la discipline dimanche sur son site: \u00ab\u00a0Les travaux ont d\u00e9marr\u00e9 il n&rsquo;y a pas longtemps, mais ils ont bien avanc\u00e9 et l&rsquo;h\u00f4tel devrait \u00eatre r\u00e9ceptionn\u00e9 vers le mois de septembre prochain\u00a0\u00bb, a assur\u00e9 la FAF, en pr\u00e9cisant que le pr\u00e9sident Khe\u00efreddine Zetchi avait effectu\u00e9 une visite d&rsquo;inspection sur le chantier il y a environ une semaine pour s&rsquo;enqu\u00e9rir de l&rsquo;\u00e9tat d&rsquo;avancement des travaux. Il a saisi cette occasion pour demander aux ouvriers \u00ab\u00a0d&rsquo;acc\u00e9l\u00e9rer la cadence\u00a0\u00bb pour \u00eatre s\u00fbr de finaliser le projet \u00e0 la date convenue. Ces travaux de r\u00e9novation et de r\u00e9am\u00e9nagement sont destin\u00e9s \u00e0 moderniser cet h\u00f4tel, au point d&rsquo;en faire \u00ab\u00a0une vraie r\u00e9sidence cinq \u00e9toiles\u00a0\u00bb qui mettra le capitaine Riyad Mahrez et ses co\u00e9quipiers dans les meilleures conditions possibles lors de leurs prochains regroupements \u00e0 Alger.<\/p>\n<p><strong>Publi\u00e9 dans :<\/strong> <span>faf<\/span><\/p>\n<\/div>\n<p>Auteur:<br \/>\n<a href=\"http:\/\/www.lebuteur.com\/article\/detail?titre=lhotel-des-fennecs-a-sidi-moussa-sera-receptionne-en-septembre&#038;id=96338&#038;utm_source=feedburner&#038;utm_medium=feed&#038;utm_campaign=Feed%3A+GalerieFArtciles+%28Les+derniers+articles++-+lebuteur.com%29\">Cliquez ici pour lire l&rsquo;article depuis sa source.<\/a><\/p>\n","protected":false},"excerpt":{"rendered":"<p>Auteur : APS dimanche 21 juin 2020 18:40 L&rsquo;h\u00f4tel des Fennecs, r\u00e9serv\u00e9 \u00e0 l&rsquo;\u00e9quipe nationale de football au niveau du Centre technique national de Sidi-Moussa (Alger), sera r\u00e9ceptionn\u00e9 \u00ab\u00a0vers le mois de septembre prochain\u00a0\u00bb, a indiqu\u00e9 la F\u00e9d\u00e9ration alg\u00e9rienne de la discipline dimanche sur son site: \u00ab\u00a0Les travaux ont d\u00e9marr\u00e9 il n&rsquo;y a pas longtemps, [&hellip;]<\/p>\n","protected":false},"author":1738,"featured_media":89675,"comment_status":"closed","ping_status":"closed","sticky":false,"template":"","format":"standard","meta":{"fifu_image_url":"","fifu_image_alt":"","footnotes":""},"categories":[53,75],"tags":[],"class_list":["post-89674","post","type-post","status-publish","format-standard","has-post-thumbnail","hentry","category-algerie","category-sport"],"_links":{"self":[{"href":"https:\/\/linitiative.ca\/International\/wp-json\/wp\/v2\/posts\/89674","targetHints":{"allow":["GET"]}}],"collection":[{"href":"https:\/\/linitiative.ca\/International\/wp-json\/wp\/v2\/posts"}],"about":[{"href":"https:\/\/linitiative.ca\/International\/wp-json\/wp\/v2\/types\/post"}],"author":[{"embeddable":true,"href":"https:\/\/linitiative.ca\/International\/wp-json\/wp\/v2\/users\/1738"}],"replies":[{"embeddable":true,"href":"https:\/\/linitiative.ca\/International\/wp-json\/wp\/v2\/comments?post=89674"}],"version-history":[{"count":0,"href":"https:\/\/linitiative.ca\/International\/wp-json\/wp\/v2\/posts\/89674\/revisions"}],"wp:featuredmedia":[{"embeddable":true,"href":"https:\/\/linitiative.ca\/International\/wp-json\/"}],"wp:attachment":[{"href":"https:\/\/linitiative.ca\/International\/wp-json\/wp\/v2\/media?parent=89674"}],"wp:term":[{"taxonomy":"category","embeddable":true,"href":"https:\/\/linitiative.ca\/International\/wp-json\/wp\/v2\/categories?post=89674"},{"taxonomy":"post_tag","embeddable":true,"href":"https:\/\/linitiative.ca\/International\/wp-json\/wp\/v2\/tags?post=89674"}],"curies":[{"name":"wp","href":"https:\/\/api.w.org\/{rel}","templated":true}]}}