{"id":89676,"date":"2020-06-21T15:13:49","date_gmt":"2020-06-21T19:13:49","guid":{"rendered":"https:\/\/linitiative.ca\/International\/ligue-1-2-pas-de-liberte-provisoire-pour-halfaia-et-saadaoui\/"},"modified":"2020-06-21T15:13:49","modified_gmt":"2020-06-21T19:13:49","slug":"ligue-1-2-pas-de-liberte-provisoire-pour-halfaia-et-saadaoui","status":"publish","type":"post","link":"https:\/\/linitiative.ca\/International\/ligue-1-2-pas-de-liberte-provisoire-pour-halfaia-et-saadaoui\/","title":{"rendered":"Ligue 1 &amp; 2 : Pas de libert\u00e9 provisoire pour Halfaia et Sa\u00e2daoui"},"content":{"rendered":"<div readability=\"32\">\n<p>Auteur : <span>APS<\/span> <span class=\"time\">dimanche 21 juin 2020 19:38<\/span><\/p>\n<\/div>\n<div id=\"post_core\" readability=\"47\">\n<p>Le directeur g\u00e9n\u00e9ral de l&rsquo;ES S\u00e9tif, Fahd Halfaia, et le manager de joueurs Nassim Sa\u00e2daoui, plac\u00e9s sous mandat de d\u00e9p\u00f4t dans l&rsquo;affaire de trucage pr\u00e9sum\u00e9 de matchs fuit\u00e9 par un enregistrement sonore, ont vu leur demande de mise en libert\u00e9 provisoire rejet\u00e9e par la Chambre d&rsquo;accusation de la Cour d&rsquo;Alger, a appris l&rsquo;APS dimanche aupr\u00e8s d&rsquo;une source proche du dossier.\u00a0 La Chambre d&rsquo;accusation a confirm\u00e9 la d\u00e9cision initiale prise par le juge d\u2019instruction de la premi\u00e8re chambre, le 7 juin, lors de la comparution des deux accus\u00e9s au niveau du tribunal de Sidi M&rsquo;hamed (Alger). Sa\u00e2daoui est accus\u00e9 d&rsquo;atteinte \u00e0 la libert\u00e9 d\u2019autrui, diffamation et enregistrement d\u2019appel t\u00e9l\u00e9phonique sans consentement, alors que Halfaia est accus\u00e9 de trucage de matchs.\u00a0\u00a0 Selon le procureur de la R\u00e9publique pr\u00e8s le tribunal de Sidi M&rsquo;hamed, les deux hommes encourent une peine allant de 2 \u00e0 10 ans d&#8217;emprisonnement.<\/p>\n<p><strong>Publi\u00e9 dans :<\/strong> <span>Sa\u00e2daoui<\/span> <span>Halfa\u00efa<\/span><\/p>\n<\/div>\n<p>Auteur:<br \/>\n<a href=\"http:\/\/www.lebuteur.com\/article\/detail?titre=pas-de-liberte-provisoire-pour-halfaia-et-saadaoui&#038;id=96339&#038;utm_source=feedburner&#038;utm_medium=feed&#038;utm_campaign=Feed%3A+GalerieFArtciles+%28Les+derniers+articles++-+lebuteur.com%29\">Cliquez ici pour lire l&rsquo;article depuis sa source.<\/a><\/p>\n","protected":false},"excerpt":{"rendered":"<p>Auteur : APS dimanche 21 juin 2020 19:38 Le directeur g\u00e9n\u00e9ral de l&rsquo;ES S\u00e9tif, Fahd Halfaia, et le manager de joueurs Nassim Sa\u00e2daoui, plac\u00e9s sous mandat de d\u00e9p\u00f4t dans l&rsquo;affaire de trucage pr\u00e9sum\u00e9 de matchs fuit\u00e9 par un enregistrement sonore, ont vu leur demande de mise en libert\u00e9 provisoire rejet\u00e9e par la Chambre d&rsquo;accusation de [&hellip;]<\/p>\n","protected":false},"author":1738,"featured_media":89677,"comment_status":"closed","ping_status":"closed","sticky":false,"template":"","format":"standard","meta":{"fifu_image_url":"","fifu_image_alt":"","footnotes":""},"categories":[53,75],"tags":[],"class_list":["post-89676","post","type-post","status-publish","format-standard","has-post-thumbnail","hentry","category-algerie","category-sport"],"_links":{"self":[{"href":"https:\/\/linitiative.ca\/International\/wp-json\/wp\/v2\/posts\/89676","targetHints":{"allow":["GET"]}}],"collection":[{"href":"https:\/\/linitiative.ca\/International\/wp-json\/wp\/v2\/posts"}],"about":[{"href":"https:\/\/linitiative.ca\/International\/wp-json\/wp\/v2\/types\/post"}],"author":[{"embeddable":true,"href":"https:\/\/linitiative.ca\/International\/wp-json\/wp\/v2\/users\/1738"}],"replies":[{"embeddable":true,"href":"https:\/\/linitiative.ca\/International\/wp-json\/wp\/v2\/comments?post=89676"}],"version-history":[{"count":0,"href":"https:\/\/linitiative.ca\/International\/wp-json\/wp\/v2\/posts\/89676\/revisions"}],"wp:featuredmedia":[{"embeddable":true,"href":"https:\/\/linitiative.ca\/International\/wp-json\/"}],"wp:attachment":[{"href":"https:\/\/linitiative.ca\/International\/wp-json\/wp\/v2\/media?parent=89676"}],"wp:term":[{"taxonomy":"category","embeddable":true,"href":"https:\/\/linitiative.ca\/International\/wp-json\/wp\/v2\/categories?post=89676"},{"taxonomy":"post_tag","embeddable":true,"href":"https:\/\/linitiative.ca\/International\/wp-json\/wp\/v2\/tags?post=89676"}],"curies":[{"name":"wp","href":"https:\/\/api.w.org\/{rel}","templated":true}]}}