{"id":89678,"date":"2020-06-20T19:00:00","date_gmt":"2020-06-20T23:00:00","guid":{"rendered":"https:\/\/linitiative.ca\/International\/djamel-fourar-un-reconfinement-cible-nest-pas-a-ecarter\/"},"modified":"2020-06-20T19:00:00","modified_gmt":"2020-06-20T23:00:00","slug":"djamel-fourar-un-reconfinement-cible-nest-pas-a-ecarter","status":"publish","type":"post","link":"https:\/\/linitiative.ca\/International\/djamel-fourar-un-reconfinement-cible-nest-pas-a-ecarter\/","title":{"rendered":"Djamel Fourar : \u00abUn reconfinement  cibl\u00e9 n\u2019est pas \u00e0 \u00e9carter\u00bb"},"content":{"rendered":"<p>\u00abIl n\u2019est pas \u00e9cart\u00e9 de recourir \u00e0 un reconfinement cibl\u00e9 pour certaines wilayas au vu de l\u2019augmentation du nombre des cas en cons\u00e9quence au non-respect des barri\u00e8res pr\u00e9ventives\u00bb, a dit hier, lors d&rsquo;un point de presse quotidien, le Dr Djamel Fourar, porte-parole de la Commission d\u2019observation et du suivi de la pand\u00e9mie du coronavirus.<br \/>La Radio nationale a indiqu\u00e9 sur son site que le Dr Fourar a rappel\u00e9 qu&rsquo;\u00ab\u00e0 l\u2019instar des pays ayant recouru au d\u00e9confinement et qui n\u2019\u00e9cartent pas un retour aux mesures pr\u00e9c\u00e9demment \u00e9tablies face \u00e0 l\u2019aggravation de la situation, un reconfinement s\u2019imposerait au niveau des wilayas o\u00f9 la situation \u00e9pid\u00e9miologique reste \u00e0 risque et \u00e9voluerait vers l\u2019aggravation des contaminations et l&rsquo;augmentation du nombre de morts\u00bb.<br \/>\u00a0<\/p>\n<p>Auteur: elmoudjahid<br \/>\n<a href=\"http:\/\/www.elmoudjahid.com\/fr\/actualites\/155268\">Cliquez ici pour lire l&rsquo;article depuis sa source.<\/a><\/p>\n","protected":false},"excerpt":{"rendered":"<p>\u00abIl n\u2019est pas \u00e9cart\u00e9 de recourir \u00e0 un reconfinement cibl\u00e9 pour certaines wilayas au vu de l\u2019augmentation du nombre des cas en cons\u00e9quence au non-respect des barri\u00e8res pr\u00e9ventives\u00bb, a dit hier, lors d&rsquo;un point de presse quotidien, le Dr Djamel Fourar, porte-parole de la Commission d\u2019observation et du suivi de la pand\u00e9mie du coronavirus.La Radio [&hellip;]<\/p>\n","protected":false},"author":1744,"featured_media":0,"comment_status":"closed","ping_status":"closed","sticky":false,"template":"","format":"standard","meta":{"fifu_image_url":"","fifu_image_alt":"","footnotes":""},"categories":[73,53],"tags":[],"class_list":["post-89678","post","type-post","status-publish","format-standard","hentry","category-actualite","category-algerie"],"_links":{"self":[{"href":"https:\/\/linitiative.ca\/International\/wp-json\/wp\/v2\/posts\/89678","targetHints":{"allow":["GET"]}}],"collection":[{"href":"https:\/\/linitiative.ca\/International\/wp-json\/wp\/v2\/posts"}],"about":[{"href":"https:\/\/linitiative.ca\/International\/wp-json\/wp\/v2\/types\/post"}],"author":[{"embeddable":true,"href":"https:\/\/linitiative.ca\/International\/wp-json\/wp\/v2\/users\/1744"}],"replies":[{"embeddable":true,"href":"https:\/\/linitiative.ca\/International\/wp-json\/wp\/v2\/comments?post=89678"}],"version-history":[{"count":0,"href":"https:\/\/linitiative.ca\/International\/wp-json\/wp\/v2\/posts\/89678\/revisions"}],"wp:attachment":[{"href":"https:\/\/linitiative.ca\/International\/wp-json\/wp\/v2\/media?parent=89678"}],"wp:term":[{"taxonomy":"category","embeddable":true,"href":"https:\/\/linitiative.ca\/International\/wp-json\/wp\/v2\/categories?post=89678"},{"taxonomy":"post_tag","embeddable":true,"href":"https:\/\/linitiative.ca\/International\/wp-json\/wp\/v2\/tags?post=89678"}],"curies":[{"name":"wp","href":"https:\/\/api.w.org\/{rel}","templated":true}]}}