{"id":89680,"date":"2020-06-20T19:00:00","date_gmt":"2020-06-20T23:00:00","guid":{"rendered":"https:\/\/linitiative.ca\/International\/commentaire-conscience-citoyenne\/"},"modified":"2020-06-20T19:00:00","modified_gmt":"2020-06-20T23:00:00","slug":"commentaire-conscience-citoyenne","status":"publish","type":"post","link":"https:\/\/linitiative.ca\/International\/commentaire-conscience-citoyenne\/","title":{"rendered":"Commentaire : Conscience citoyenne"},"content":{"rendered":"<p>La l\u00e9g\u00e8re remont\u00e9e du nombre de cas de Covid-19 est due essentiellement au non-respect des mesures barri\u00e8res, suite \u00e0 la reprise de certaines activit\u00e9s commerciales, \u00e9conomiques et sociales dans plusieurs wilayas. C\u2019est ce qu\u2019a indiqu\u00e9 le porte-parole du Comit\u00e9 scientifique de suivi de l\u2019\u00e9volution de la pand\u00e9mie, le Dr Djamel Fourar. C\u2019est un fait attendu, a-t-il encore rappel\u00e9, ce dont les sp\u00e9cialistes attestent unanimement. La lev\u00e9e progressive des mesures de confinement ne signifie portant pas, loin s\u2019en faut, l\u2019\u00e9limination du virus, il n\u2019est pas encore temps de parler d\u2019une fin de l\u2019\u00e9pid\u00e9mie. Le v\u00e9ritable ascendant sur le virus ne peut \u00eatre revendiqu\u00e9 que dans l\u2019ancrage de la culture de la pr\u00e9vention avec tout ce qu\u2019elle implique en termes de mesures draconiennes. La situation difficile que nous avons v\u00e9cue durant ces trois derniers mois d\u2019efforts, de mobilisation, de sacrifices, doit nous imposer un maximum de vigilance et de ne pas c\u00e9der \u00e0 la pr\u00e9cipitation. Seule l\u2019annonce officielle de la d\u00e9couverte d\u2019un vaccin efficace contre le virus pourrait nous inciter \u00e0 tourner avec soulagement la page sombre de cette \u00e9pid\u00e9mie. H\u00e9las, c\u2019est loin d\u2019\u00eatre le cas. On ne saurait trop insister sur le devoir de vigilance et le respect scrupuleux des mesures de pr\u00e9caution, m\u00eame apr\u00e8s la lev\u00e9e compl\u00e8te du confinement. C\u2019est dire combien la partie est loin d\u2019\u00eatre gagn\u00e9e. Les m\u00e9decins misent sur une prise de conscience des citoyens en tant que maillon essentiel dans la bataille men\u00e9e contre la Covid-19 \u00e0 travers, notamment, le respect imp\u00e9ratif des gestes barri\u00e8res : distanciation sociale, hygi\u00e8ne et port du masque de protection. La lev\u00e9e totale du confinement reste donc \u00e9troitement li\u00e9e \u00e0 toutes ces mesures et \u00e0 la n\u00e9cessit\u00e9 de se conformer aux directives des autorit\u00e9s comp\u00e9tentes. Elle est aussi tributaire des orientations de l\u2019Organisation mondiale de la sant\u00e9 pour l\u2019am\u00e9lioration des m\u00e9thodes et du niveau des soins et de s\u2019informer sur les donn\u00e9es relatives \u00e0 la pand\u00e9mie en vue d\u2019endiguer sa propagation. De nombreux praticiens ont exprim\u00e9 ces derniers jours leurs craintes de revenir \u00e0 la case d\u00e9part apr\u00e8s tous les sacrifices consentis et les efforts fournis pour sortir de cette crise sanitaire. Les \u00e9quipes m\u00e9dicales et param\u00e9dicales travaillent dans des conditions psychologiques et physiques p\u00e9nibles et fournissent des efforts gigantesques pour sauver des vies et pr\u00e9venir une \u00e9ventuelle recrudescence. Si le citoyen est leur principal alli\u00e9, force est de reconna\u00eetre pourtant que la d\u00e9sinvolture de certains est dangereuse. D\u00e9passant tout entendement, ils vont jusqu\u2019\u00e0 se pr\u00eater les masques de protection, d\u00e9ambulant dans les institutions et lieux publics o\u00f9 le port de la bavette est obligatoire. Il faut donc renforcer les campagnes de sensibilisation pour convaincre les r\u00e9calcitrants que le virus est toujours actif et continue \u00e0 faire des victimes, qu\u2019il est parfaitement capable de compromettre les efforts et les d\u00e9marches de l\u2019ensemble des secteurs dans l\u2019\u00e9laboration de protocoles sanitaires pour une reprise des diff\u00e9rentes activit\u00e9s \u00e9conomiques, sociales et culturelles. Sans tomber dans l\u2019alarmisme, il est important de faire comprendre que le danger est toujours mena\u00e7ant pour nos proches, nos semblables, nos familles. On fait l\u2019impasse sur ceux qui vont jusqu\u2019\u00e0 d\u00e9nier l\u2019existence du virus, alors que la pand\u00e9mie a fait au moins 450.386 morts dans le monde. Cette comptabilit\u00e9 macabre est \u00e0 m\u00e9diter.<br \/>\u00a0\u00a0\u00a0 M. Bouraib<br \/>\u00a0<\/p>\n<p>Auteur: elmoudjahid<br \/>\n<a href=\"http:\/\/www.elmoudjahid.com\/fr\/actualites\/155270\">Cliquez ici pour lire l&rsquo;article depuis sa source.<\/a><\/p>\n","protected":false},"excerpt":{"rendered":"<p>La l\u00e9g\u00e8re remont\u00e9e du nombre de cas de Covid-19 est due essentiellement au non-respect des mesures barri\u00e8res, suite \u00e0 la reprise de certaines activit\u00e9s commerciales, \u00e9conomiques et sociales dans plusieurs wilayas. C\u2019est ce qu\u2019a indiqu\u00e9 le porte-parole du Comit\u00e9 scientifique de suivi de l\u2019\u00e9volution de la pand\u00e9mie, le Dr Djamel Fourar. C\u2019est un fait attendu, [&hellip;]<\/p>\n","protected":false},"author":1744,"featured_media":0,"comment_status":"closed","ping_status":"closed","sticky":false,"template":"","format":"standard","meta":{"fifu_image_url":"","fifu_image_alt":"","footnotes":""},"categories":[73,53],"tags":[],"class_list":["post-89680","post","type-post","status-publish","format-standard","hentry","category-actualite","category-algerie"],"_links":{"self":[{"href":"https:\/\/linitiative.ca\/International\/wp-json\/wp\/v2\/posts\/89680","targetHints":{"allow":["GET"]}}],"collection":[{"href":"https:\/\/linitiative.ca\/International\/wp-json\/wp\/v2\/posts"}],"about":[{"href":"https:\/\/linitiative.ca\/International\/wp-json\/wp\/v2\/types\/post"}],"author":[{"embeddable":true,"href":"https:\/\/linitiative.ca\/International\/wp-json\/wp\/v2\/users\/1744"}],"replies":[{"embeddable":true,"href":"https:\/\/linitiative.ca\/International\/wp-json\/wp\/v2\/comments?post=89680"}],"version-history":[{"count":0,"href":"https:\/\/linitiative.ca\/International\/wp-json\/wp\/v2\/posts\/89680\/revisions"}],"wp:attachment":[{"href":"https:\/\/linitiative.ca\/International\/wp-json\/wp\/v2\/media?parent=89680"}],"wp:term":[{"taxonomy":"category","embeddable":true,"href":"https:\/\/linitiative.ca\/International\/wp-json\/wp\/v2\/categories?post=89680"},{"taxonomy":"post_tag","embeddable":true,"href":"https:\/\/linitiative.ca\/International\/wp-json\/wp\/v2\/tags?post=89680"}],"curies":[{"name":"wp","href":"https:\/\/api.w.org\/{rel}","templated":true}]}}