{"id":89685,"date":"2020-06-21T12:30:00","date_gmt":"2020-06-21T16:30:00","guid":{"rendered":"https:\/\/linitiative.ca\/International\/surete-de-wilaya-de-mascara-saisie-de-2-kg-de-drogue-et-de-1855-psychotropes\/"},"modified":"2020-06-21T12:30:00","modified_gmt":"2020-06-21T16:30:00","slug":"surete-de-wilaya-de-mascara-saisie-de-2-kg-de-drogue-et-de-1855-psychotropes","status":"publish","type":"post","link":"https:\/\/linitiative.ca\/International\/surete-de-wilaya-de-mascara-saisie-de-2-kg-de-drogue-et-de-1855-psychotropes\/","title":{"rendered":"SURETE DE WILAYA DE MASCARA : Saisie de 2 kg  de drogue et de  1855 psychotropes"},"content":{"rendered":"<p><br id=\"sep_para_1\" class=\"sep_para access\"\/><\/p>\n<div id=\"para_1\" class=\"para_37526688 resize\">\n<div class=\"texte access firstletter\">La brigade de lutte contre les stup\u00e9fiants relevant de la police judiciaire de la s\u00fbret\u00e9 de wilaya de Mascara a r\u00e9ussi durant le mois de mai dernier \u00e0 mettre hors d&rsquo;\u00e9tat de nuire 43 individus dont 03 femmes et 01 mineur. Ces personnes sont impliqu\u00e9es dans 26 affaires relatives \u00e0 la consommation et au trafic de drogues. Leur arrestation a permis la saisie de 2,72 kg de kif trait\u00e9, et de 1855 comprim\u00e9s de psychotropes. Parmi les suspects, 28 ont \u00e9t\u00e9 plac\u00e9s en d\u00e9tention \u00e0 l&rsquo;issue de leur pr\u00e9sentation devant la justice, alors que les autres ont b\u00e9n\u00e9fici\u00e9 de lib\u00e9ration. Ceci contre 19 affaires trait\u00e9es en avril 2020, impliquant 22 individus. On constate ainsi une hausse de 07 cas dans le nombre des affaires trait\u00e9es, ainsi que dans le nombre de personnes impliqu\u00e9es. Pour ce qui est de l&rsquo;\u00e2ge des personnes impliqu\u00e9es, il va de 17 \u00e0 55 ans. En effet, le service a recens\u00e9 01 cas \u00e2g\u00e9 de moins de 18 ans, 11 cas \u00e2g\u00e9s entre 19 et 25 ans et 14 autres cas entre 26 et 35 ans. L&rsquo;on compte aussi 13 personnes impliqu\u00e9es \u00e2g\u00e9e entre 36 et 45 ans et 04 cas de plus de 46 ans.\u00a0\u00a0\u00a0\u00a0\u00a0\u00a0\u00a0\u00a0\u00a0\u00a0\u00a0\u00a0\u00a0\u00a0\u00a0\u00a0\u00a0<\/div>\n<\/div>\n<p>Auteur: B. Boufaden<br \/>\n<a href=\"https:\/\/www.reflexiondz.net\/SURETE-DE-WILAYA-DE-MASCARA-Saisie-de-2-kg-de-drogue-et-de-1855-psychotropes_a63499.html\">Cliquez ici pour lire l&rsquo;article depuis sa source.<\/a><\/p>\n","protected":false},"excerpt":{"rendered":"<p>La brigade de lutte contre les stup\u00e9fiants relevant de la police judiciaire de la s\u00fbret\u00e9 de wilaya de Mascara a r\u00e9ussi durant le mois de mai dernier \u00e0 mettre hors d&rsquo;\u00e9tat de nuire 43 individus dont 03 femmes et 01 mineur. Ces personnes sont impliqu\u00e9es dans 26 affaires relatives \u00e0 la consommation et au trafic [&hellip;]<\/p>\n","protected":false},"author":1740,"featured_media":0,"comment_status":"closed","ping_status":"closed","sticky":false,"template":"","format":"standard","meta":{"fifu_image_url":"","fifu_image_alt":"","footnotes":""},"categories":[53,76],"tags":[],"class_list":["post-89685","post","type-post","status-publish","format-standard","hentry","category-algerie","category-regions"],"_links":{"self":[{"href":"https:\/\/linitiative.ca\/International\/wp-json\/wp\/v2\/posts\/89685","targetHints":{"allow":["GET"]}}],"collection":[{"href":"https:\/\/linitiative.ca\/International\/wp-json\/wp\/v2\/posts"}],"about":[{"href":"https:\/\/linitiative.ca\/International\/wp-json\/wp\/v2\/types\/post"}],"author":[{"embeddable":true,"href":"https:\/\/linitiative.ca\/International\/wp-json\/wp\/v2\/users\/1740"}],"replies":[{"embeddable":true,"href":"https:\/\/linitiative.ca\/International\/wp-json\/wp\/v2\/comments?post=89685"}],"version-history":[{"count":0,"href":"https:\/\/linitiative.ca\/International\/wp-json\/wp\/v2\/posts\/89685\/revisions"}],"wp:attachment":[{"href":"https:\/\/linitiative.ca\/International\/wp-json\/wp\/v2\/media?parent=89685"}],"wp:term":[{"taxonomy":"category","embeddable":true,"href":"https:\/\/linitiative.ca\/International\/wp-json\/wp\/v2\/categories?post=89685"},{"taxonomy":"post_tag","embeddable":true,"href":"https:\/\/linitiative.ca\/International\/wp-json\/wp\/v2\/tags?post=89685"}],"curies":[{"name":"wp","href":"https:\/\/api.w.org\/{rel}","templated":true}]}}