{"id":89686,"date":"2020-06-21T12:40:00","date_gmt":"2020-06-21T16:40:00","guid":{"rendered":"https:\/\/linitiative.ca\/International\/le-maire-de-mosta-dans-les-bras-de-morphee\/"},"modified":"2020-06-21T12:40:00","modified_gmt":"2020-06-21T16:40:00","slug":"le-maire-de-mosta-dans-les-bras-de-morphee","status":"publish","type":"post","link":"https:\/\/linitiative.ca\/International\/le-maire-de-mosta-dans-les-bras-de-morphee\/","title":{"rendered":"Le maire de Mosta dans les bras de Morph\u00e9e !"},"content":{"rendered":"<p><br id=\"sep_para_1\" class=\"sep_para access\"\/><\/p>\n<div id=\"para_1\" class=\"para_37526809 resize\">\n<div class=\"photo shadow left\"><img decoding=\"async\" class=\"responsive c9\" src=\"https:\/\/www.reflexiondz.net\/photo\/art\/grande\/47428356-37526809.jpg?v=1592758744\" alt=\"Le maire de Mosta dans les bras de Morph\u00e9e !\" title=\"Le maire de Mosta dans les bras de Morph\u00e9e !\"\/><img decoding=\"async\" class=\"not-responsive\" src=\"https:\/\/www.reflexiondz.net\/photo\/art\/default\/47428356-37526809.jpg?v=1592758745\" alt=\"Le maire de Mosta dans les bras de Morph\u00e9e !\" title=\"Le maire de Mosta dans les bras de Morph\u00e9e !\"\/><\/div>\n<div class=\"texte access firstletter\">Moul Firma, \u00e9tonn\u00e9 de voir le maire de Mostaganem se confier \u00e0 un pseudo correspondant journaliste pour r\u00e9pondre au journal R\u00e9flexion, alors que son droit de r\u00e9ponse lui est r\u00e9serv\u00e9 gratuitement sur le journal, sent le parfum d\u2019un ancien \u00e9lu du FLN qui tente de se faire une virginit\u00e9, oubliant qu\u2019il y\u2019a quelques ann\u00e9es, il \u00e9tait au c\u0153ur d\u2019un scandale de gestion. Les affaires des jets d\u2019eau de Blida, les pi\u00e8ces d\u00e9tach\u00e9es de Feraoun en fuite et l\u2019incendie des magasins du service technique peuvent int\u00e9resser les enqu\u00eateurs en temps du Mandjal !<br \/>\u00a0Moul Firma, inquiet de voir le maire plonger dans les bras de la Issaba, lui conseille de revoir sa tactique pour sortir de la crise, car se prot\u00e9ger avec le parapluie de la Issaba , c\u2019est comme plonger dans les bras de Morph\u00e9e et pire encore, r\u00e9veiller le diable : (les dossiers suspects de la vente d\u2019Asyl, et les autres locaux , ainsi que les autres dossiers dormants).<br \/>A l\u2019image du feuilleton turc du r\u00e8gne de Soleiman Kanuni, le feuilleton APC Mostaganem n\u2019est pas pr\u00eat de s\u2019achever et semble prendre une autre tournure plus dramatique, du fait des derni\u00e8res d\u00e9clarations publi\u00e9es sur les r\u00e9seaux sociaux, li\u00e9es au P\/APC et qui ne font qu\u2019alimenter le conflit et presser l\u2019\u00e9clatement du scandale !\u00a0\u00a0 \u00a0<br \/>Moul Firma, qui suit de pr\u00e8s cette guerre des mots entre les pro-maire et les opposants au su et au vu de tout le monde et avec le silence camoufl\u00e9 du patron des quatre horloges en panne, est convaincu que l\u2019h\u00f4tel de ville est devenu d\u00e9sormais un champ d&rsquo;affrontement entre int\u00e9r\u00eats \u00e9lus-maire et les r\u00e9v\u00e9lations qui se succ\u00e8dent sur la mauvaise gestion du maire ne tarderont pas \u00e0 envoyer plusieurs \u00e9lus et fonctionnaires de la commune devant le juge.\u00a0 \u00a0<br \/>Le scandale de la facture fant\u00f4me de 4 milliards de cts du \u2018\u2019LED\u2019\u2019 qui vient d\u2019atterrir sur le bureau de Moul Firma et l\u2019affaire du d\u00e9sistement des 27 villas de la commune au profit de certains employ\u00e9s pour acheter leur silence et l\u2019affaire de d\u00e9sistement d\u2019un lot de terrain au profit d\u2019une dame et l\u2019affaire du de l\u2019octroi de l\u2019ancienne fourri\u00e8re de la commune de Mostaganem , un hangar de 8000m2 au profit d\u2019un homme d\u2019affaires, ne font que compliquer le quotidien de certains \u00e9lus et responsables , qui certains d\u2019entre eux\u00a0 ont \u00e9t\u00e9 sauv\u00e9s in extremis de la prison dans l\u2019ancienne affaire de l\u2019APC jug\u00e9e en 2013.<br \/>Moul Firma, ayant mal suite aux diff\u00e9rents messages d\u2019\u00e9lus \u2018\u2019d\u2019adolescents\u2019\u2019 sur la toile pour d\u00e9tourner l\u2019opinion publique et la justice sur ce qui se passe \u00e0 la commune, il confie sa col\u00e8re au temps, esp\u00e9rant une solution juridique \u00e0 la crise de l\u2019APC et non \u00e0 une solution \u00e0 l\u2019amiable, parce que c\u2019est une affaire de gestion et c\u2019est l\u2019argent du contribuable qui est en jeu. Mais qui sait ? Moul Firma\u00a0 peut revenir sur ses mots et balancer le tout en public !<\/div>\n<\/div>\n<p>Auteur: R\u00e9flexion<br \/>\n<a href=\"https:\/\/www.reflexiondz.net\/Le-maire-de-Mosta-dans-les-bras-de-Morphee-_a63521.html\">Cliquez ici pour lire l&rsquo;article depuis sa source.<\/a><\/p>\n","protected":false},"excerpt":{"rendered":"<p>Moul Firma, \u00e9tonn\u00e9 de voir le maire de Mostaganem se confier \u00e0 un pseudo correspondant journaliste pour r\u00e9pondre au journal R\u00e9flexion, alors que son droit de r\u00e9ponse lui est r\u00e9serv\u00e9 gratuitement sur le journal, sent le parfum d\u2019un ancien \u00e9lu du FLN qui tente de se faire une virginit\u00e9, oubliant qu\u2019il y\u2019a quelques ann\u00e9es, il [&hellip;]<\/p>\n","protected":false},"author":1740,"featured_media":0,"comment_status":"closed","ping_status":"closed","sticky":false,"template":"","format":"standard","meta":{"fifu_image_url":"","fifu_image_alt":"","footnotes":""},"categories":[53,76],"tags":[],"class_list":["post-89686","post","type-post","status-publish","format-standard","hentry","category-algerie","category-regions"],"_links":{"self":[{"href":"https:\/\/linitiative.ca\/International\/wp-json\/wp\/v2\/posts\/89686","targetHints":{"allow":["GET"]}}],"collection":[{"href":"https:\/\/linitiative.ca\/International\/wp-json\/wp\/v2\/posts"}],"about":[{"href":"https:\/\/linitiative.ca\/International\/wp-json\/wp\/v2\/types\/post"}],"author":[{"embeddable":true,"href":"https:\/\/linitiative.ca\/International\/wp-json\/wp\/v2\/users\/1740"}],"replies":[{"embeddable":true,"href":"https:\/\/linitiative.ca\/International\/wp-json\/wp\/v2\/comments?post=89686"}],"version-history":[{"count":0,"href":"https:\/\/linitiative.ca\/International\/wp-json\/wp\/v2\/posts\/89686\/revisions"}],"wp:attachment":[{"href":"https:\/\/linitiative.ca\/International\/wp-json\/wp\/v2\/media?parent=89686"}],"wp:term":[{"taxonomy":"category","embeddable":true,"href":"https:\/\/linitiative.ca\/International\/wp-json\/wp\/v2\/categories?post=89686"},{"taxonomy":"post_tag","embeddable":true,"href":"https:\/\/linitiative.ca\/International\/wp-json\/wp\/v2\/tags?post=89686"}],"curies":[{"name":"wp","href":"https:\/\/api.w.org\/{rel}","templated":true}]}}