{"id":89687,"date":"2020-06-21T12:40:00","date_gmt":"2020-06-21T16:40:00","guid":{"rendered":"https:\/\/linitiative.ca\/International\/benbouzid-evoque-une-2eme-vague-de-coronavirus\/"},"modified":"2020-06-21T12:40:00","modified_gmt":"2020-06-21T16:40:00","slug":"benbouzid-evoque-une-2eme-vague-de-coronavirus","status":"publish","type":"post","link":"https:\/\/linitiative.ca\/International\/benbouzid-evoque-une-2eme-vague-de-coronavirus\/","title":{"rendered":"Benbouzid \u00e9voque une 2\u00e8me vague de coronavirus"},"content":{"rendered":"<p><br id=\"sep_para_1\" class=\"sep_para access\"\/><\/p>\n<div id=\"para_1\" class=\"para_37526805 resize\">\n<div class=\"texte access firstletter\">Le ministre de la Sant\u00e9, de la Population et de la R\u00e9forme hospitali\u00e8re, Abderrahmane Benbouzid, a d\u00e9clar\u00e9 ce samedi, lors d\u2019une visite de travail dans la wilaya de Boumerdes, que le nombre d\u2019infections par le coronavirus \u00e9tait en augmentation dans le monde entier et que nous ne pouvions \u00eatre certains qu\u2019il s\u2019agit d\u2019une deuxi\u00e8me vague du virus. Le premier responsable du secteur a indiqu\u00e9, \u00e0 ce propos, que le comit\u00e9 scientifique charg\u00e9 du suivi de la l\u2019\u00e9valuation du coronavirus en Alg\u00e9rie \u00e9tudiera prochainement\u00a0 comment faire face \u00e0 la possibilit\u00e9 d\u2019une deuxi\u00e8me vague. Le ministre a \u00e9galement exprim\u00e9 son inqui\u00e9tude face \u00e0 la hausse du nombre de patients atteints du coronavirus et qui sont admis en r\u00e9animation. Leur nombre est pass\u00e9 de 25 le 1er juin \u00e0 53 patients vendredi.<\/div>\n<\/div>\n<p>Auteur: R\u00e9flexion<br \/>\n<a href=\"https:\/\/www.reflexiondz.net\/Benbouzid-evoque-une-2eme-vague-de-coronavirus_a63519.html\">Cliquez ici pour lire l&rsquo;article depuis sa source.<\/a><\/p>\n","protected":false},"excerpt":{"rendered":"<p>Le ministre de la Sant\u00e9, de la Population et de la R\u00e9forme hospitali\u00e8re, Abderrahmane Benbouzid, a d\u00e9clar\u00e9 ce samedi, lors d\u2019une visite de travail dans la wilaya de Boumerdes, que le nombre d\u2019infections par le coronavirus \u00e9tait en augmentation dans le monde entier et que nous ne pouvions \u00eatre certains qu\u2019il s\u2019agit d\u2019une deuxi\u00e8me vague [&hellip;]<\/p>\n","protected":false},"author":1740,"featured_media":0,"comment_status":"closed","ping_status":"closed","sticky":false,"template":"","format":"standard","meta":{"fifu_image_url":"","fifu_image_alt":"","footnotes":""},"categories":[53,76],"tags":[],"class_list":["post-89687","post","type-post","status-publish","format-standard","hentry","category-algerie","category-regions"],"_links":{"self":[{"href":"https:\/\/linitiative.ca\/International\/wp-json\/wp\/v2\/posts\/89687","targetHints":{"allow":["GET"]}}],"collection":[{"href":"https:\/\/linitiative.ca\/International\/wp-json\/wp\/v2\/posts"}],"about":[{"href":"https:\/\/linitiative.ca\/International\/wp-json\/wp\/v2\/types\/post"}],"author":[{"embeddable":true,"href":"https:\/\/linitiative.ca\/International\/wp-json\/wp\/v2\/users\/1740"}],"replies":[{"embeddable":true,"href":"https:\/\/linitiative.ca\/International\/wp-json\/wp\/v2\/comments?post=89687"}],"version-history":[{"count":0,"href":"https:\/\/linitiative.ca\/International\/wp-json\/wp\/v2\/posts\/89687\/revisions"}],"wp:attachment":[{"href":"https:\/\/linitiative.ca\/International\/wp-json\/wp\/v2\/media?parent=89687"}],"wp:term":[{"taxonomy":"category","embeddable":true,"href":"https:\/\/linitiative.ca\/International\/wp-json\/wp\/v2\/categories?post=89687"},{"taxonomy":"post_tag","embeddable":true,"href":"https:\/\/linitiative.ca\/International\/wp-json\/wp\/v2\/tags?post=89687"}],"curies":[{"name":"wp","href":"https:\/\/api.w.org\/{rel}","templated":true}]}}