{"id":89689,"date":"2020-06-21T12:40:00","date_gmt":"2020-06-21T16:40:00","guid":{"rendered":"https:\/\/linitiative.ca\/International\/hanoune-dit-etre-victime-dun-lynchage-mediatique\/"},"modified":"2020-06-21T12:40:00","modified_gmt":"2020-06-21T16:40:00","slug":"hanoune-dit-etre-victime-dun-lynchage-mediatique","status":"publish","type":"post","link":"https:\/\/linitiative.ca\/International\/hanoune-dit-etre-victime-dun-lynchage-mediatique\/","title":{"rendered":"Hanoune dit \u00eatre victime  d\u2019un lynchage m\u00e9diatique"},"content":{"rendered":"<p><br id=\"sep_para_1\" class=\"sep_para access\"\/><\/p>\n<div id=\"para_1\" class=\"para_37526799 resize\">\n<div class=\"texte access firstletter\">La secr\u00e9taire g\u00e9n\u00e9rale du parti des travailleurs (PT), Louisa Hanoune, d\u00e9nonce un \u00ab complot ourdi \u00bb contre sa personne. Lors d\u2019une r\u00e9union hebdomadaire du bureau politique de son parti, Louisa Hanoune a d\u00e9nonc\u00e9 une campagne de lynchage \u00aborganis\u00e9e\u00bb et \u00absynchronis\u00e9e\u00bb sur les r\u00e9seaux sociaux et sur les plateaux de la cha\u00eene de t\u00e9l\u00e9vision El-Hayat TV. Pour la SG du PT, \u00ab ces attaques abominables sont similaires \u00e0 l\u2019effroyable campagne de d\u00e9nigrement dont elle a fait l\u2019objet en 2015 et 2016, lorsqu\u2019elle s\u2019\u00e9tait jointe \u00e0 l\u2019initiative des 19 qui voulaient s\u2019assurer si Abdelaziz Bouteflika gouvernait r\u00e9ellement \u00bb. Louisa Hanoune a estim\u00e9 que ses d\u00e9tracteurs jouissent d\u2019une impunit\u00e9 et d\u2019une protection quelque part, tenant \u00able pouvoir pour responsable\u00bb si malheur advient de sa personne. Pour rappel, la SG du PT a \u00e9t\u00e9 lib\u00e9r\u00e9e de la prison apr\u00e8s avoir \u00e9t\u00e9 condamn\u00e9e, le 10 f\u00e9vrier dernier, par le tribunal militaire de Blida \u00e0 trois ans de prison dont 9 mois ferme.<\/div>\n<\/div>\n<p>Auteur: R\u00e9flexion<br \/>\n<a href=\"https:\/\/www.reflexiondz.net\/Hanoune-dit-etre-victime-d-un-lynchage-mediatique_a63518.html\">Cliquez ici pour lire l&rsquo;article depuis sa source.<\/a><\/p>\n","protected":false},"excerpt":{"rendered":"<p>La secr\u00e9taire g\u00e9n\u00e9rale du parti des travailleurs (PT), Louisa Hanoune, d\u00e9nonce un \u00ab complot ourdi \u00bb contre sa personne. Lors d\u2019une r\u00e9union hebdomadaire du bureau politique de son parti, Louisa Hanoune a d\u00e9nonc\u00e9 une campagne de lynchage \u00aborganis\u00e9e\u00bb et \u00absynchronis\u00e9e\u00bb sur les r\u00e9seaux sociaux et sur les plateaux de la cha\u00eene de t\u00e9l\u00e9vision El-Hayat TV. [&hellip;]<\/p>\n","protected":false},"author":1740,"featured_media":0,"comment_status":"closed","ping_status":"closed","sticky":false,"template":"","format":"standard","meta":{"fifu_image_url":"","fifu_image_alt":"","footnotes":""},"categories":[53,76],"tags":[],"class_list":["post-89689","post","type-post","status-publish","format-standard","hentry","category-algerie","category-regions"],"_links":{"self":[{"href":"https:\/\/linitiative.ca\/International\/wp-json\/wp\/v2\/posts\/89689","targetHints":{"allow":["GET"]}}],"collection":[{"href":"https:\/\/linitiative.ca\/International\/wp-json\/wp\/v2\/posts"}],"about":[{"href":"https:\/\/linitiative.ca\/International\/wp-json\/wp\/v2\/types\/post"}],"author":[{"embeddable":true,"href":"https:\/\/linitiative.ca\/International\/wp-json\/wp\/v2\/users\/1740"}],"replies":[{"embeddable":true,"href":"https:\/\/linitiative.ca\/International\/wp-json\/wp\/v2\/comments?post=89689"}],"version-history":[{"count":0,"href":"https:\/\/linitiative.ca\/International\/wp-json\/wp\/v2\/posts\/89689\/revisions"}],"wp:attachment":[{"href":"https:\/\/linitiative.ca\/International\/wp-json\/wp\/v2\/media?parent=89689"}],"wp:term":[{"taxonomy":"category","embeddable":true,"href":"https:\/\/linitiative.ca\/International\/wp-json\/wp\/v2\/categories?post=89689"},{"taxonomy":"post_tag","embeddable":true,"href":"https:\/\/linitiative.ca\/International\/wp-json\/wp\/v2\/tags?post=89689"}],"curies":[{"name":"wp","href":"https:\/\/api.w.org\/{rel}","templated":true}]}}