{"id":89694,"date":"2020-06-21T12:45:00","date_gmt":"2020-06-21T16:45:00","guid":{"rendered":"https:\/\/linitiative.ca\/International\/saied-a-paris-pour-un-changement-de-paradigme-dans-la-strategie-dapproche-de-la-diaspora-tunisienne\/"},"modified":"2020-06-21T12:45:00","modified_gmt":"2020-06-21T16:45:00","slug":"saied-a-paris-pour-un-changement-de-paradigme-dans-la-strategie-dapproche-de-la-diaspora-tunisienne","status":"publish","type":"post","link":"https:\/\/linitiative.ca\/International\/saied-a-paris-pour-un-changement-de-paradigme-dans-la-strategie-dapproche-de-la-diaspora-tunisienne\/","title":{"rendered":"Sa\u00efed \u00e0 Paris: Pour un changement de paradigme dans la strat\u00e9gie d\u2019approche de la diaspora tunisienne"},"content":{"rendered":"<p><span class=\"c2\"><em><strong>Par Karim Sa\u00efd, professeur universitaire en France et expert international &#8211;<\/strong><\/em><\/span> Il y a fort \u00e0 parier que le programme de la visite du Pr\u00e9sident Ka\u00efs Sa\u00efed en France comportera la traditionnelle rencontre avec la diaspora tunisienne. Au-del\u00e0 de l\u2019importance du symbole et du rituel pour r\u00e9affirmer le lien avec la m\u00e8re-patrie, il semble important de red\u00e9finir une v\u00e9ritable strat\u00e9gie ambitieuse envers ces Tunisiens r\u00e9sidents \u00e0 l\u2019\u00e9tranger qui peuvent parfois avoir le sentiment de manquer de sollicitude voire m\u00eame de n\u2019\u00eatre qu\u2019une variable d\u2019ajustement dans les choix strat\u00e9giques des gouvernements successifs.<\/p>\n<p>Il faut rappeler que le terme diaspora renvoie \u00e0 des populations \u00ab dispers\u00e9es \u00bb provenant d\u2019autres pays et continents mais qui gardent des liens avec leur pays d\u2019origine. Ces liens entre pays d\u2019accueil et pays d\u2019origine se sont enrichis du fait des vagues migratoires successives ainsi que des opportunit\u00e9s offertes par les modes de transport modernes, les outils de communication et le d\u00e9veloppement des r\u00e9seaux sociaux. Ces derniers ont fortement contribu\u00e9 \u00e0 r\u00e9inventer la nature du lien entre pays d\u2019installation et lieux d\u2019origine dans un contexte mondial de plus en plus globalis\u00e9. On estime, par exemple, que la diaspora chinoise serait d\u2019environ 60 millions de personnes, la diaspora indienne de 30 \u00e0 40 millions sans parler des 14 millions de Libanais avec leurs descendants \u00e9tablis dans le monde entier.<\/p>\n<p>Toutes ces diasporas ont pu \u00e0 travers le temps renforcer leur r\u00f4le et leur poids dans les rapports internationaux. Cela s\u2019est notamment manifest\u00e9 par une pr\u00e9sence renforc\u00e9e sur les r\u00e9seaux sociaux. Une \u00e9tude international intitul\u00e9e E-Diasporas Atlas et publi\u00e9 par la Maison des Sciences de l\u2019Homme de Paris en 2012 a permis de recenser la pr\u00e9sence en ligne de 28 diasporas, avec leurs sites, leurs forums et leurs r\u00e9seaux sociaux. A titre d\u2019exemple, la mont\u00e9e en puissance de ces diasporas a amen\u00e9 Hillary Clinton, alors secr\u00e9taire d\u2019\u00e9tat am\u00e9ricain \u00e0 cr\u00e9er une ONG, sous la forme d\u2019un partenariat public-priv\u00e9 entre le D\u00e9partement d\u2019\u00c9tat des \u00c9tats-Unis, l\u2019US Agency for International Development (USAID) et Calvert Foundation, avec pour agenda de promouvoir le r\u00f4le, l\u2019engagement et les connexions entre toutes les diasporas. Il va sans dire que cet agenda devait servir les int\u00e9r\u00eats bien compris des \u00c9tats-Unis partout dans le monde.<\/p>\n<p>Alors quid de la diaspora tunisienne ? Avons-nous des statistiques pr\u00e9cises sur leur nombre, leur localisation, leurs activit\u00e9s professionnelles et leurs r\u00f4les et connexions dans les milieux politiques, \u00e9conomiques, sociaux, culturels ou sportifs des pays d\u2019accueil ? Comment ont \u00e9volu\u00e9 au fil du temps leurs liens avec leur pays d\u2019origine alors qu\u2019on en est aujourd\u2019hui \u00e0 la troisi\u00e8me g\u00e9n\u00e9ration d\u2019immigr\u00e9s\u2026 ?<\/p>\n<p>Il semble important de repenser pr\u00e9cis\u00e9ment ces liens qui ne peuvent plus \u00eatre g\u00e9r\u00e9s de mani\u00e8re administrative avec des directions de minist\u00e8res qui se renvoient la balle sans avoir une politique avec des priorit\u00e9s claires. Il s\u2019agit ainsi de consid\u00e9rer la diaspora tunisienne comme un pont entre les pays et les cultures du fait qu\u2019elle ouvre des espaces d\u2019\u00e9changes socio-\u00e9conomiques mais \u00e9galement culturels importants avec les pays d\u2019accueil. Le \u2019soft power\u2019 est de plus en plus un levier strat\u00e9gique mobilis\u00e9 par les pays pour d\u00e9fendre leurs int\u00e9r\u00eats et renforcer leur pr\u00e9sence dans des espaces g\u00e9opolitiques en pleine mutation. La derni\u00e8re crise sanitaire mondiale du Covid 19 a rappel\u00e9, s\u2019il en \u00e9tait besoin, que la rivalit\u00e9 entre les pays pouvait \u00eatre particuli\u00e8rement f\u00e9roce pour s\u00e9curiser des fili\u00e8res d\u2019approvisionnement d&rsquo;\u00e9quipements param\u00e9dicaux, de masques et de certains principes actifs n\u00e9cessaires \u00e0 la fabrication de m\u00e9dicaments aupr\u00e8s des fournisseurs chinois. La mobilisation de la diaspora chinoise implant\u00e9e dans les pays occidentaux a \u00e9t\u00e9 tr\u00e8s pr\u00e9cieuse pour faciliter les contacts avec les fournisseurs chinois. Fort de cette exp\u00e9rience, il semble plus qu\u2019urgent de repenser non seulement la strat\u00e9gie envers la diaspora tunisienne mais \u00e9galement ses modes d\u2019action et de d\u00e9ploiement en s\u2019inscrivant dans une logique participative avec les ONG, les think tanks, les acteurs du monde \u00e9conomique, financier, culturel ou universitaire \u00e0 m\u00eame de penser collectivement un agenda strat\u00e9gique en appui aux priorit\u00e9s du pays.<\/p>\n<p class=\"c3\"><strong>Karim Sa\u00efd<\/strong><br \/><em>Professeur universitaire en France et expert international<\/em><\/p>\n<p class=\"c4\"><strong>Lire aussi<\/strong><\/p>\n<p class=\"c4\"><a href=\"https:\/\/www.leaders.com.tn\/article\/30134-exclusif-tout-sur-la-visite-du-president-kais-saied-ce-lundi-a-paris\" target=\"_blank\" rel=\"noopener noreferrer\">Exclusif &#8211; Tout sur la visite du Pr\u00e9sident Kais Sa\u00efed ce lundi \u00e0 Paris<\/a><br \/>\u00a0<\/p>\n<p>Auteur:<br \/>\n<a href=\"https:\/\/www.leaders.com.tn\/article\/30150-saied-a-paris-pour-un-changement-de-paradigme-dans-la-strategie-d-approche-de-la-diaspora-tunisienne\">Cliquez ici pour lire l&rsquo;article depuis sa source.<\/a><\/p>\n","protected":false},"excerpt":{"rendered":"<p>Par Karim Sa\u00efd, professeur universitaire en France et expert international &#8211; Il y a fort \u00e0 parier que le programme de la visite du Pr\u00e9sident Ka\u00efs Sa\u00efed en France comportera la traditionnelle rencontre avec la diaspora tunisienne. Au-del\u00e0 de l\u2019importance du symbole et du rituel pour r\u00e9affirmer le lien avec la m\u00e8re-patrie, il semble important [&hellip;]<\/p>\n","protected":false},"author":1772,"featured_media":0,"comment_status":"closed","ping_status":"closed","sticky":false,"template":"","format":"standard","meta":{"fifu_image_url":"","fifu_image_alt":"","footnotes":""},"categories":[73,55],"tags":[],"class_list":["post-89694","post","type-post","status-publish","format-standard","hentry","category-actualite","category-tunisie"],"_links":{"self":[{"href":"https:\/\/linitiative.ca\/International\/wp-json\/wp\/v2\/posts\/89694","targetHints":{"allow":["GET"]}}],"collection":[{"href":"https:\/\/linitiative.ca\/International\/wp-json\/wp\/v2\/posts"}],"about":[{"href":"https:\/\/linitiative.ca\/International\/wp-json\/wp\/v2\/types\/post"}],"author":[{"embeddable":true,"href":"https:\/\/linitiative.ca\/International\/wp-json\/wp\/v2\/users\/1772"}],"replies":[{"embeddable":true,"href":"https:\/\/linitiative.ca\/International\/wp-json\/wp\/v2\/comments?post=89694"}],"version-history":[{"count":0,"href":"https:\/\/linitiative.ca\/International\/wp-json\/wp\/v2\/posts\/89694\/revisions"}],"wp:attachment":[{"href":"https:\/\/linitiative.ca\/International\/wp-json\/wp\/v2\/media?parent=89694"}],"wp:term":[{"taxonomy":"category","embeddable":true,"href":"https:\/\/linitiative.ca\/International\/wp-json\/wp\/v2\/categories?post=89694"},{"taxonomy":"post_tag","embeddable":true,"href":"https:\/\/linitiative.ca\/International\/wp-json\/wp\/v2\/tags?post=89694"}],"curies":[{"name":"wp","href":"https:\/\/api.w.org\/{rel}","templated":true}]}}