{"id":89695,"date":"2020-06-21T13:20:13","date_gmt":"2020-06-21T17:20:13","guid":{"rendered":"https:\/\/linitiative.ca\/International\/coronavirus-138-nouveaux-cas-dimanche-a-18-heures-9977-cas-cumules\/"},"modified":"2020-06-21T13:20:13","modified_gmt":"2020-06-21T17:20:13","slug":"coronavirus-138-nouveaux-cas-dimanche-a-18-heures-9977-cas-cumules","status":"publish","type":"post","link":"https:\/\/linitiative.ca\/International\/coronavirus-138-nouveaux-cas-dimanche-a-18-heures-9977-cas-cumules\/","title":{"rendered":"Coronavirus : 138 nouveaux cas dimanche \u00e0 18 heures, 9977 cas cumul\u00e9s"},"content":{"rendered":"<p><strong>Voici le nouveau bilan du minist\u00e8re de la Sant\u00e9, dimanche \u00e0 18 heures.\u00a0<\/strong><\/p>\n<div class=\"c10\"\/>\n<p>Le Maroc a enregistr\u00e9 ces derni\u00e8res 24 heures, 138 nouveaux cas de <strong>contamination au coronavirus<\/strong>. Le bilan total des cas positifs atteint d\u00e9sormais 9977. Du c\u00f4t\u00e9 des gu\u00e9risons, on d\u00e9nombre d\u00e9sormais 8284, soit 61 gu\u00e9risons ces derni\u00e8res 24 heures. Le nombre total des d\u00e9c\u00e8s est d\u00e9sormais de 214.<\/p>\n<p><strong>Lire aussi|<\/strong> <a href=\"https:\/\/www.challenge.ma\/trafic-aerien-domestique-et-international-libre-circulation-inter-villes-cafe-restaurant-hammams-malls-plage-semaine-decisive-145715\/\"><strong>Trafic a\u00e9rien domestique et international, libre circulation inter-villes, caf\u00e9, restaurant, hammams, malls, plage\u2026 : Semaine d\u00e9cisive<\/strong><\/a><\/p>\n<p>Alors que le Maroc a amorc\u00e9 la phase de d\u00e9confinement, avec un large desserrement des mesures de restrictions des libert\u00e9s, le minist\u00e8re de la Sant\u00e9 invite les citoyens \u00e0 respecter les r\u00e8gles d\u2019hygi\u00e8ne et de s\u00e9curit\u00e9 sanitaire ainsi que les <strong>mesures pr\u00e9ventives<\/strong> prises par les autorit\u00e9s marocaines en faisant preuve de responsabilit\u00e9 et de patriotisme.\u00a0<\/p>\n<div class=\"vw-sticky-sidebar-wrapper vw-sticky-sidebar widget_text awac-wrapper widget_text awac widget custom_html-4 textwidget custom-html-widget\">\n<p class=\"has-background c12\"><span class=\"widget-title c11\">Tribune et D\u00e9bats<\/span><\/p>\n<p>La tribune qui vous parle d\u2019une actu, d\u2019un sujet qui fait d\u00e9bat, les traitent et les analysent. \u00c9conomistes et autres experts, patrons d\u2019entreprises, d\u00e9cideurs, acteurs de la soci\u00e9t\u00e9 civile, s\u2019y prononcent et contribuent \u00e0 sa grande richesse. Vous avez votre opinion, convergente ou diff\u00e9rente. Exprimez-la et mesurez-vous ainsi \u00e0 nos tribuns et d\u00e9batteurs.<\/p>\n<p>Envoyez vos analyses \u00e0 : <a href=\"\/cdn-cgi\/l\/email-protection#6a0905041e0b091e2a09020b06060f040d0f44070b\"><span class=\"__cf_email__\" data-cfemail=\"d0b3bfbea4b1b3a490b3b8b1bcbcb5beb7b5febdb1\">[email\u00a0protected]<\/span><\/a>, en pr\u00e9cisant votre nom, votre pr\u00e9nom et votre m\u00e9tier.<\/p>\n<\/div>\n<p>Auteur: challenge<br \/>\n<a href=\"https:\/\/www.challenge.ma\/coronavirus-138-nouveaux-cas-dimanche-a-18-heures-9977-cas-cumules-145743\/\">Cliquez ici pour lire l&rsquo;article depuis sa source.<\/a><\/p>\n","protected":false},"excerpt":{"rendered":"<p>Voici le nouveau bilan du minist\u00e8re de la Sant\u00e9, dimanche \u00e0 18 heures.\u00a0 Le Maroc a enregistr\u00e9 ces derni\u00e8res 24 heures, 138 nouveaux cas de contamination au coronavirus. Le bilan total des cas positifs atteint d\u00e9sormais 9977. Du c\u00f4t\u00e9 des gu\u00e9risons, on d\u00e9nombre d\u00e9sormais 8284, soit 61 gu\u00e9risons ces derni\u00e8res 24 heures. Le nombre total [&hellip;]<\/p>\n","protected":false},"author":1787,"featured_media":0,"comment_status":"closed","ping_status":"closed","sticky":false,"template":"","format":"standard","meta":{"fifu_image_url":"","fifu_image_alt":"","footnotes":""},"categories":[78,54],"tags":[],"class_list":["post-89695","post","type-post","status-publish","format-standard","hentry","category-economie","category-maroc"],"_links":{"self":[{"href":"https:\/\/linitiative.ca\/International\/wp-json\/wp\/v2\/posts\/89695","targetHints":{"allow":["GET"]}}],"collection":[{"href":"https:\/\/linitiative.ca\/International\/wp-json\/wp\/v2\/posts"}],"about":[{"href":"https:\/\/linitiative.ca\/International\/wp-json\/wp\/v2\/types\/post"}],"author":[{"embeddable":true,"href":"https:\/\/linitiative.ca\/International\/wp-json\/wp\/v2\/users\/1787"}],"replies":[{"embeddable":true,"href":"https:\/\/linitiative.ca\/International\/wp-json\/wp\/v2\/comments?post=89695"}],"version-history":[{"count":0,"href":"https:\/\/linitiative.ca\/International\/wp-json\/wp\/v2\/posts\/89695\/revisions"}],"wp:attachment":[{"href":"https:\/\/linitiative.ca\/International\/wp-json\/wp\/v2\/media?parent=89695"}],"wp:term":[{"taxonomy":"category","embeddable":true,"href":"https:\/\/linitiative.ca\/International\/wp-json\/wp\/v2\/categories?post=89695"},{"taxonomy":"post_tag","embeddable":true,"href":"https:\/\/linitiative.ca\/International\/wp-json\/wp\/v2\/tags?post=89695"}],"curies":[{"name":"wp","href":"https:\/\/api.w.org\/{rel}","templated":true}]}}