{"id":89696,"date":"2020-06-21T14:39:20","date_gmt":"2020-06-21T18:39:20","guid":{"rendered":"https:\/\/linitiative.ca\/International\/reprise-des-vols-domestiques-ce-que-vous-devez-savoir\/"},"modified":"2020-06-21T14:39:20","modified_gmt":"2020-06-21T18:39:20","slug":"reprise-des-vols-domestiques-ce-que-vous-devez-savoir","status":"publish","type":"post","link":"https:\/\/linitiative.ca\/International\/reprise-des-vols-domestiques-ce-que-vous-devez-savoir\/","title":{"rendered":"Reprise des vols  domestiques : ce que vous devez savoir"},"content":{"rendered":"<p><strong>Bonne nouvelle pour les compagnies a\u00e9riennes op\u00e9rant dans le royaume. Ces derni\u00e8res pourront, en effet, d\u00e8s la semaine prochaine faire red\u00e9coller leurs appareils pour des vols domestiques, selon les instructions des autorit\u00e9s marocaines. Voici ce qu\u2019il savoir sur la reprise du trafic a\u00e9rien national.\u00a0<\/strong><\/p>\n<div class=\"c10\"\/>\n<p>C\u2019est \u00e0 partir du jeudi 25 juin que les <strong>vols a\u00e9riens<\/strong> (domestiques) pourront reprendre selon un communiqu\u00e9 du Minist\u00e8re du Tourisme, de l\u2019Artisanat, du Transport A\u00e9rien et de l\u2019Economie Sociale, qui fait suite au communiqu\u00e9 conjoint des minist\u00e8res de l\u2019Int\u00e9rieur, de la Sant\u00e9, de l\u2019Industrie, du commerce, de l\u2019\u00e9conomie verte et num\u00e9rique, annon\u00e7ant un all\u00e8gement du confinement sanitaire.<\/p>\n<p><strong>Lire aussi|<\/strong> <a href=\"https:\/\/www.challenge.ma\/trafic-aerien-domestique-et-international-libre-circulation-inter-villes-cafe-restaurant-hammams-malls-plage-semaine-decisive-145715\/\"><strong>Trafic a\u00e9rien domestique et international, libre circulation inter-villes, caf\u00e9, restaurant, hammams, malls, plage\u2026 : Semaine d\u00e9cisive<\/strong><\/a><\/p>\n<p>Ainsi, le minist\u00e8re rappelle que pour garantir la s\u00e9curit\u00e9 des passagers, du personnel, ainsi que de tous les usagers du transport a\u00e9rien, les compagnies a\u00e9riennes nationales ainsi que l\u2019Office National Des A\u00e9roports ont mis en place une batterie de <strong>mesures sanitaires<\/strong> aux normes internationales telles le nettoyage et la d\u00e9sinfection stricts et r\u00e9guliers, les contr\u00f4les de temp\u00e9rature syst\u00e9matiques, le port du masque sanitaire. Le d\u00e9partement de Nadia Fettah Alaoui ajoute que les d\u00e9placements entre les zones 1 et 2 sont soumis aux m\u00eames restrictions que pour les autres modes de transport, \u00e0 savoir l\u2019obligation de disposer d\u2019une autorisation professionnelles (ordre de mission) ou d\u2019une <strong>autorisation exceptionnelle<\/strong> d\u00e9livr\u00e9e par les autorit\u00e9s locales pour des raisons de force majeure.<\/p>\n<p><strong>Lire aussi|<\/strong> <a href=\"https:\/\/www.challenge.ma\/consulats-francais-au-maroc-ce-quil-faut-savoir-sur-les-demandes-de-visas-145684\/\"><strong>Consulats fran\u00e7ais au Maroc : ce qu\u2019il faut savoir sur les demandes de visas<\/strong><\/a><\/p>\n<p>A noter que d\u00e8s le 25 juin, plusieurs lignes red\u00e9marreront, telles Casablanca-Dakhla, Casablanca-Laayoune, Casablanca-Oujda, Casablanca-Agadir, F\u00e8s-Marrakech, Agadir-Tanger, Marrakech-Dakhla. Selon le minist\u00e8re, toutes les informations concernant les vols programm\u00e9s seront directement disponibles aupr\u00e8s des <strong>compagnies nationales<\/strong>.<\/p>\n<div class=\"vw-sticky-sidebar-wrapper vw-sticky-sidebar widget_text awac-wrapper widget_text awac widget custom_html-4 textwidget custom-html-widget\">\n<p class=\"has-background c12\"><span class=\"widget-title c11\">Tribune et D\u00e9bats<\/span><\/p>\n<p>La tribune qui vous parle d\u2019une actu, d\u2019un sujet qui fait d\u00e9bat, les traitent et les analysent. \u00c9conomistes et autres experts, patrons d\u2019entreprises, d\u00e9cideurs, acteurs de la soci\u00e9t\u00e9 civile, s\u2019y prononcent et contribuent \u00e0 sa grande richesse. Vous avez votre opinion, convergente ou diff\u00e9rente. Exprimez-la et mesurez-vous ainsi \u00e0 nos tribuns et d\u00e9batteurs.<\/p>\n<p>Envoyez vos analyses \u00e0 : <a href=\"\/cdn-cgi\/l\/email-protection#1a7975746e7b796e5a79727b76767f747d7f34777b\"><span class=\"__cf_email__\" data-cfemail=\"7c1f1312081d1f083c1f141d101019121b1952111d\">[email\u00a0protected]<\/span><\/a>, en pr\u00e9cisant votre nom, votre pr\u00e9nom et votre m\u00e9tier.<\/p>\n<\/div>\n<p>Auteur: challenge<br \/>\n<a href=\"https:\/\/www.challenge.ma\/reprise-des-vols-domestiques-ce-que-vous-devez-savoir-145752\/\">Cliquez ici pour lire l&rsquo;article depuis sa source.<\/a><\/p>\n","protected":false},"excerpt":{"rendered":"<p>Bonne nouvelle pour les compagnies a\u00e9riennes op\u00e9rant dans le royaume. Ces derni\u00e8res pourront, en effet, d\u00e8s la semaine prochaine faire red\u00e9coller leurs appareils pour des vols domestiques, selon les instructions des autorit\u00e9s marocaines. Voici ce qu\u2019il savoir sur la reprise du trafic a\u00e9rien national.\u00a0 C\u2019est \u00e0 partir du jeudi 25 juin que les vols a\u00e9riens [&hellip;]<\/p>\n","protected":false},"author":1787,"featured_media":0,"comment_status":"closed","ping_status":"closed","sticky":false,"template":"","format":"standard","meta":{"fifu_image_url":"","fifu_image_alt":"","footnotes":""},"categories":[78,54],"tags":[],"class_list":["post-89696","post","type-post","status-publish","format-standard","hentry","category-economie","category-maroc"],"_links":{"self":[{"href":"https:\/\/linitiative.ca\/International\/wp-json\/wp\/v2\/posts\/89696","targetHints":{"allow":["GET"]}}],"collection":[{"href":"https:\/\/linitiative.ca\/International\/wp-json\/wp\/v2\/posts"}],"about":[{"href":"https:\/\/linitiative.ca\/International\/wp-json\/wp\/v2\/types\/post"}],"author":[{"embeddable":true,"href":"https:\/\/linitiative.ca\/International\/wp-json\/wp\/v2\/users\/1787"}],"replies":[{"embeddable":true,"href":"https:\/\/linitiative.ca\/International\/wp-json\/wp\/v2\/comments?post=89696"}],"version-history":[{"count":0,"href":"https:\/\/linitiative.ca\/International\/wp-json\/wp\/v2\/posts\/89696\/revisions"}],"wp:attachment":[{"href":"https:\/\/linitiative.ca\/International\/wp-json\/wp\/v2\/media?parent=89696"}],"wp:term":[{"taxonomy":"category","embeddable":true,"href":"https:\/\/linitiative.ca\/International\/wp-json\/wp\/v2\/categories?post=89696"},{"taxonomy":"post_tag","embeddable":true,"href":"https:\/\/linitiative.ca\/International\/wp-json\/wp\/v2\/tags?post=89696"}],"curies":[{"name":"wp","href":"https:\/\/api.w.org\/{rel}","templated":true}]}}