{"id":89697,"date":"2020-06-21T15:07:37","date_gmt":"2020-06-21T19:07:37","guid":{"rendered":"https:\/\/linitiative.ca\/International\/comite-de-veille-economique-une-concertation-qui-gagnerait-a-etre-elargie\/"},"modified":"2020-06-21T15:07:37","modified_gmt":"2020-06-21T19:07:37","slug":"comite-de-veille-economique-une-concertation-qui-gagnerait-a-etre-elargie","status":"publish","type":"post","link":"https:\/\/linitiative.ca\/International\/comite-de-veille-economique-une-concertation-qui-gagnerait-a-etre-elargie\/","title":{"rendered":"Comit\u00e9 de veille \u00e9conomique: une concertation qui gagnerait \u00e0 \u00eatre \u00e9largie"},"content":{"rendered":"<p><strong>Voil\u00e0 une structure cr\u00e9\u00e9e de toute urgence et log\u00e9e au sein du minist\u00e8re de l\u2019Economie, des finances et de la r\u00e9forme de l\u2019administration (MEFRA), c\u2019est-\u00e0-dire au c\u0153ur du \u00ab syst\u00e8me sanguin \u00bb de l\u2019Etat. A-t-elle \u00e9t\u00e9 suffisamment \u00e0 l\u2019\u00e9coute de l\u2019environnement national et international pour pr\u00e9parer l\u2019Etat \u00e0 des r\u00e9ponses pertinentes ?<\/strong><\/p>\n<div class=\"c10\"\/>\n<p>Le Comit\u00e9 de veille \u00e9conomique (CVE) s\u2019est fix\u00e9 comme objectifs, d\u00e8s sa cr\u00e9ation, le suivi de l\u2019\u00e9volution de la situation \u00e9conomique et l\u2019identification des mesures appropri\u00e9es pour accompagner les secteurs impact\u00e9s par la crise. Si le site du CVE, h\u00e9berg\u00e9 au sein du portail du MEFRA, comporte un lien permettant de consulter des \u00e9tudes r\u00e9alis\u00e9es sur les impacts du Covid-19, notamment par la CGEM, le HCP, la d\u00e9l\u00e9gation de l\u2019Union Europ\u00e9enne \u00e0 Rabat, et le Policy Center for the New South, le CVE lui-m\u00eame ne semble gu\u00e8re avoir produit des contributions, bien que disposant d\u2019une Direction des \u00e9tudes et des pr\u00e9visions financi\u00e8res, bien connue pour son expertise et la comp\u00e9tence de ses \u00e9quipes compos\u00e9es de hauts cadres.<\/p>\n<p><strong>Lire aussi |<a href=\"https:\/\/www.challenge.ma\/trafic-aerien-domestique-et-international-libre-circulation-inter-villes-cafe-restaurant-hammams-malls-plage-semaine-decisive-145715\/\">Trafic a\u00e9rien domestique et international, libre circulation inter-villes, caf\u00e9, restaurant, hammams, malls, plage\u2026 : Semaine d\u00e9cisive<\/a><\/strong><\/p>\n<p>Initialement, le CVE a mis en place un plan d\u2019action qui devra s\u2019\u00e9taler jusqu\u2019\u00e0 la fin du mois de juin 2020. Le CVE a tenu plusieurs r\u00e9unions depuis sa cr\u00e9ation et a permis la prise de plusieurs d\u00e9cisions pour accompagner la gestion de la crise. Sa composition refl\u00e8te cependant une vision partielle, voire partiale de la r\u00e9alit\u00e9 politique et socio-\u00e9conomique. Au lieu d\u2019offrir un espace de concertation assez large pour favoriser une dynamique d\u2019adh\u00e9sion et de confiance, ledit CVE semble avoir totalement oubli\u00e9 les repr\u00e9sentants des travailleurs et des ONG repr\u00e9sentatives, notamment les ONG ayant une longue expertise en mati\u00e8re de d\u00e9veloppement, puisque les d\u00e9cisions prises vont concerner une majorit\u00e9 \u00e9crasante de m\u00e9nages vivant d\u2019activit\u00e9s informelles. A cela, s\u2019ajoute le d\u00e9ficit de communication et d\u2019acc\u00e8s \u00e0 l\u2019information dont p\u00e2tiront en particulier les professionnels de la presse et des m\u00e9dias. Presque \u00e0 mi-juin, le CVE n\u2019a pas encore annonc\u00e9 de nouveau plan d\u2019action pour l\u2019apr\u00e8s juin. Alors que l\u2019\u00e9tat d\u2019urgence sanitaire arrive \u00e0 sa fin et la phase de d\u00e9confinement prend place progressivement. Wait and see.<\/p>\n<div class=\"vw-sticky-sidebar-wrapper vw-sticky-sidebar widget_text awac-wrapper widget_text awac widget custom_html-4 textwidget custom-html-widget\">\n<p class=\"has-background c12\"><span class=\"widget-title c11\">Tribune et D\u00e9bats<\/span><\/p>\n<p>La tribune qui vous parle d\u2019une actu, d\u2019un sujet qui fait d\u00e9bat, les traitent et les analysent. \u00c9conomistes et autres experts, patrons d\u2019entreprises, d\u00e9cideurs, acteurs de la soci\u00e9t\u00e9 civile, s\u2019y prononcent et contribuent \u00e0 sa grande richesse. Vous avez votre opinion, convergente ou diff\u00e9rente. Exprimez-la et mesurez-vous ainsi \u00e0 nos tribuns et d\u00e9batteurs.<\/p>\n<p>Envoyez vos analyses \u00e0 : <a href=\"\/cdn-cgi\/l\/email-protection#086b67667c696b7c486b606964646d666f6d266569\"><span class=\"__cf_email__\" data-cfemail=\"d5b6babba1b4b6a195b6bdb4b9b9b0bbb2b0fbb8b4\">[email\u00a0protected]<\/span><\/a>, en pr\u00e9cisant votre nom, votre pr\u00e9nom et votre m\u00e9tier.<\/p>\n<\/div>\n<p>Auteur: Mohamed Amine<br \/>\n<a href=\"https:\/\/www.challenge.ma\/comite-de-veille-economique-une-concertation-qui-gagnerait-a-etre-elargie-145618\/\">Cliquez ici pour lire l&rsquo;article depuis sa source.<\/a><\/p>\n","protected":false},"excerpt":{"rendered":"<p>Voil\u00e0 une structure cr\u00e9\u00e9e de toute urgence et log\u00e9e au sein du minist\u00e8re de l\u2019Economie, des finances et de la r\u00e9forme de l\u2019administration (MEFRA), c\u2019est-\u00e0-dire au c\u0153ur du \u00ab syst\u00e8me sanguin \u00bb de l\u2019Etat. A-t-elle \u00e9t\u00e9 suffisamment \u00e0 l\u2019\u00e9coute de l\u2019environnement national et international pour pr\u00e9parer l\u2019Etat \u00e0 des r\u00e9ponses pertinentes ? Le Comit\u00e9 de [&hellip;]<\/p>\n","protected":false},"author":1787,"featured_media":0,"comment_status":"closed","ping_status":"closed","sticky":false,"template":"","format":"standard","meta":{"fifu_image_url":"","fifu_image_alt":"","footnotes":""},"categories":[78,54],"tags":[],"class_list":["post-89697","post","type-post","status-publish","format-standard","hentry","category-economie","category-maroc"],"_links":{"self":[{"href":"https:\/\/linitiative.ca\/International\/wp-json\/wp\/v2\/posts\/89697","targetHints":{"allow":["GET"]}}],"collection":[{"href":"https:\/\/linitiative.ca\/International\/wp-json\/wp\/v2\/posts"}],"about":[{"href":"https:\/\/linitiative.ca\/International\/wp-json\/wp\/v2\/types\/post"}],"author":[{"embeddable":true,"href":"https:\/\/linitiative.ca\/International\/wp-json\/wp\/v2\/users\/1787"}],"replies":[{"embeddable":true,"href":"https:\/\/linitiative.ca\/International\/wp-json\/wp\/v2\/comments?post=89697"}],"version-history":[{"count":0,"href":"https:\/\/linitiative.ca\/International\/wp-json\/wp\/v2\/posts\/89697\/revisions"}],"wp:attachment":[{"href":"https:\/\/linitiative.ca\/International\/wp-json\/wp\/v2\/media?parent=89697"}],"wp:term":[{"taxonomy":"category","embeddable":true,"href":"https:\/\/linitiative.ca\/International\/wp-json\/wp\/v2\/categories?post=89697"},{"taxonomy":"post_tag","embeddable":true,"href":"https:\/\/linitiative.ca\/International\/wp-json\/wp\/v2\/tags?post=89697"}],"curies":[{"name":"wp","href":"https:\/\/api.w.org\/{rel}","templated":true}]}}