{"id":89698,"date":"2020-06-21T15:18:40","date_gmt":"2020-06-21T19:18:40","guid":{"rendered":"https:\/\/linitiative.ca\/International\/hotellerie-ce-quil-faut-savoir-sur-la-reouverture-des-etablissements-dhebergement-touristique\/"},"modified":"2020-06-21T15:18:40","modified_gmt":"2020-06-21T19:18:40","slug":"hotellerie-ce-quil-faut-savoir-sur-la-reouverture-des-etablissements-dhebergement-touristique","status":"publish","type":"post","link":"https:\/\/linitiative.ca\/International\/hotellerie-ce-quil-faut-savoir-sur-la-reouverture-des-etablissements-dhebergement-touristique\/","title":{"rendered":"H\u00f4tellerie: Ce qu\u2019il faut savoir sur la r\u00e9ouverture des \u00e9tablissements d\u2019h\u00e9bergement touristique"},"content":{"rendered":"<p><strong>Le minist\u00e8re du Tourisme, de l\u2019artisanat, du transport a\u00e9rien et de l\u2019\u00e9conomie sociale a annonc\u00e9, ce dimanche, la reprise, \u00e0 partir du 25 juin 2020, de l\u2019activit\u00e9 de l\u2019h\u00e9bergement touristique. Les d\u00e9tails.\u00a0<br \/><\/strong><br \/>Il s\u2019agit d\u2019une d\u00e9cision qui fait suite au communiqu\u00e9 conjoint des Minist\u00e8res de l\u2019Int\u00e9rieur, de la Sant\u00e9, de l\u2019Industrie, du commerce, de l\u2019\u00e9conomie verte et num\u00e9rique, relatif au passage \u00e0 la 2\u00e8me phase du plan d\u2019all\u00e8gement du confinement sanitaire. Ainsi, le minist\u00e8re pr\u00e9cise que la reprise de <strong>l\u2019activit\u00e9 de l\u2019h\u00e9bergement touristiqu<\/strong>e sera limit\u00e9e, dans un premier temps, en termes de capacit\u00e9 et conditionn\u00e9e g\u00e9ographiquement en fonction de la zone d\u2019exercice.<\/p>\n<div class=\"c10\"\/>\n<p><strong>Lire aussi|<\/strong> <a href=\"https:\/\/www.challenge.ma\/reprise-des-vols-domestiques-ce-que-vous-devez-savoir-145752\/\"><strong>Reprise des vols domestiques : Ce que vous devez savoir<\/strong><\/a><\/p>\n<p>Ainsi, on apprend que les \u00e9tablissements d\u2019h\u00e9bergement touristique (EHT) sont tenus de respecter les <strong>dispositions sanitaires<\/strong> permettant de garantir la s\u00e9curit\u00e9 sanitaire aussi bien des clients, du personnel et de tous les autres usagers desdits \u00e9tablissements. Le minist\u00e8re ajoute que ces dispositions concernent notamment la d\u00e9sinfection r\u00e9guli\u00e8re de l\u2019ensemble des d\u00e9partements de l\u2019EHT, la limitation du nombre de clients pouvant acc\u00e9der \u00e0 l\u2019EHT en m\u00eame temps, l\u2019instauration d\u2019un <strong>vide sanitaire<\/strong> de 6h entre chaque r\u00e9servation et la d\u00e9sinfection des bagages au moment du check-in et \u00e0 la remise des cl\u00e9s par les clients lors du check-out.<\/p>\n<p>Les \u00e9tablissements d\u2019h\u00e9bergement touristique sont de m\u00eame tenus de respecter une <strong>capacit\u00e9 maximale<\/strong> de 50% de la capacit\u00e9 d\u2019h\u00e9bergement et dans toutes les zones communes telles que les restaurants, hammams, salons de coiffure, salles de sport, boutiques et autres points accueillant du public.<\/p>\n<p><strong>Lire aussi|<\/strong> <a href=\"https:\/\/www.challenge.ma\/rapatriement-des-marocains-plus-de-3-000-personnes-attendues-dans-le-royaume-entre-le-22-et-le-25-juin-2020-145702\/\"><strong>Rapatriement des Marocains : plus de 3 000 personnes attendues dans le Royaume entre le 22 et le 25 juin 2020<\/strong><\/a><\/p>\n<p>Le minist\u00e8re pr\u00e9cise aussi que le d\u00e9tail des mesures est disponible sur le recueil de recommandations de s\u00e9curit\u00e9 sanitaire li\u00e9es au Covid-19 \u00e0 destination des <strong>op\u00e9rateurs touristiques<\/strong> marocains publi\u00e9 sur le site web du minist\u00e8re www.mtataes.gov.ma \u2013 rubrique mesures de lutte contre le Covid 19. Le d\u00e9partement de Nadia Fettah Alaoui indique qu\u2019il reste mobilis\u00e9 et d\u00e9ploiera les efforts n\u00e9cessaires pour soutenir les diff\u00e9rents acteurs du secteur pour surmonter cette crise.<\/p>\n<div class=\"vw-sticky-sidebar-wrapper vw-sticky-sidebar widget_text awac-wrapper widget_text awac widget custom_html-4 textwidget custom-html-widget\">\n<p class=\"has-background c12\"><span class=\"widget-title c11\">Tribune et D\u00e9bats<\/span><\/p>\n<p>La tribune qui vous parle d\u2019une actu, d\u2019un sujet qui fait d\u00e9bat, les traitent et les analysent. \u00c9conomistes et autres experts, patrons d\u2019entreprises, d\u00e9cideurs, acteurs de la soci\u00e9t\u00e9 civile, s\u2019y prononcent et contribuent \u00e0 sa grande richesse. Vous avez votre opinion, convergente ou diff\u00e9rente. Exprimez-la et mesurez-vous ainsi \u00e0 nos tribuns et d\u00e9batteurs.<\/p>\n<p>Envoyez vos analyses \u00e0 : <a href=\"\/cdn-cgi\/l\/email-protection#23404c4d5742405763404b424f4f464d44460d4e42\"><span class=\"__cf_email__\" data-cfemail=\"375458594356544377545f565b5b52595052195a56\">[email\u00a0protected]<\/span><\/a>, en pr\u00e9cisant votre nom, votre pr\u00e9nom et votre m\u00e9tier.<\/p>\n<\/div>\n<p>Auteur: challenge<br \/>\n<a href=\"https:\/\/www.challenge.ma\/hotellerie-ce-quil-faut-savoir-sur-la-reouverture-des-etablissements-dhebergement-touristique-145758\/\">Cliquez ici pour lire l&rsquo;article depuis sa source.<\/a><\/p>\n","protected":false},"excerpt":{"rendered":"<p>Le minist\u00e8re du Tourisme, de l\u2019artisanat, du transport a\u00e9rien et de l\u2019\u00e9conomie sociale a annonc\u00e9, ce dimanche, la reprise, \u00e0 partir du 25 juin 2020, de l\u2019activit\u00e9 de l\u2019h\u00e9bergement touristique. Les d\u00e9tails.\u00a0Il s\u2019agit d\u2019une d\u00e9cision qui fait suite au communiqu\u00e9 conjoint des Minist\u00e8res de l\u2019Int\u00e9rieur, de la Sant\u00e9, de l\u2019Industrie, du commerce, de l\u2019\u00e9conomie verte [&hellip;]<\/p>\n","protected":false},"author":1787,"featured_media":0,"comment_status":"closed","ping_status":"closed","sticky":false,"template":"","format":"standard","meta":{"fifu_image_url":"","fifu_image_alt":"","footnotes":""},"categories":[78,54],"tags":[],"class_list":["post-89698","post","type-post","status-publish","format-standard","hentry","category-economie","category-maroc"],"_links":{"self":[{"href":"https:\/\/linitiative.ca\/International\/wp-json\/wp\/v2\/posts\/89698","targetHints":{"allow":["GET"]}}],"collection":[{"href":"https:\/\/linitiative.ca\/International\/wp-json\/wp\/v2\/posts"}],"about":[{"href":"https:\/\/linitiative.ca\/International\/wp-json\/wp\/v2\/types\/post"}],"author":[{"embeddable":true,"href":"https:\/\/linitiative.ca\/International\/wp-json\/wp\/v2\/users\/1787"}],"replies":[{"embeddable":true,"href":"https:\/\/linitiative.ca\/International\/wp-json\/wp\/v2\/comments?post=89698"}],"version-history":[{"count":0,"href":"https:\/\/linitiative.ca\/International\/wp-json\/wp\/v2\/posts\/89698\/revisions"}],"wp:attachment":[{"href":"https:\/\/linitiative.ca\/International\/wp-json\/wp\/v2\/media?parent=89698"}],"wp:term":[{"taxonomy":"category","embeddable":true,"href":"https:\/\/linitiative.ca\/International\/wp-json\/wp\/v2\/categories?post=89698"},{"taxonomy":"post_tag","embeddable":true,"href":"https:\/\/linitiative.ca\/International\/wp-json\/wp\/v2\/tags?post=89698"}],"curies":[{"name":"wp","href":"https:\/\/api.w.org\/{rel}","templated":true}]}}