{"id":89699,"date":"2020-06-21T16:11:24","date_gmt":"2020-06-21T20:11:24","guid":{"rendered":"https:\/\/linitiative.ca\/International\/ram-augmentation-graduelle-des-frequences-et-des-destinations-domestiques\/"},"modified":"2020-06-21T16:11:24","modified_gmt":"2020-06-21T20:11:24","slug":"ram-augmentation-graduelle-des-frequences-et-des-destinations-domestiques","status":"publish","type":"post","link":"https:\/\/linitiative.ca\/International\/ram-augmentation-graduelle-des-frequences-et-des-destinations-domestiques\/","title":{"rendered":"RAM: augmentation graduelle des fr\u00e9quences et des destinations domestiques"},"content":{"rendered":"<p><strong>Suite au feu vert des autorit\u00e9s d\u2019autoriser les vols domestiques \u00e0 partir du 25 juin 2020, la Royal Air Maroc (RAM) annonce la reprise de ses vols domestiques et apporte des pr\u00e9cisions.\u00a0<br \/><\/strong><br \/>Le <strong>transporteur a\u00e9rien national<\/strong> indique que les vols seront op\u00e9r\u00e9s sur les destinations suivantes : Casablanca-Laayoune, Casablanca-Dakhla, Casablanca-Oujda et Casablanca-Agadir, a indiqu\u00e9 la RAM dans un communiqu\u00e9. Il ajoute qu\u2019il proc\u00e9dera \u00e0 une <strong>augmentation graduelle<\/strong> du nombre de fr\u00e9quences et de destinations domestiques, afin de couvrir progressivement l\u2019ensemble de son r\u00e9seau domestique.\u00a0<\/p>\n<div class=\"c10\"\/>\n<p><strong>Lire aussi|<\/strong> <a href=\"https:\/\/www.challenge.ma\/reprise-des-vols-domestiques-ce-que-vous-devez-savoir-145752\/\"><strong>Reprise des vols domestiques : ce que vous devez savoir<\/strong><\/a><\/p>\n<p>Soulignons que les destinations de Tanger et de Marrakech, plac\u00e9es en zone 2, ne sont pas concern\u00e9es pour le moment par cette reprise des vols domestiques. La RAM ajoute que conform\u00e9ment aux <strong>recommandations<\/strong> des pouvoirs publics, elle mettra en place des mesures de s\u00e9curit\u00e9 sanitaire afin de garantir la sant\u00e9 et la s\u00e9curit\u00e9 de ses clients et de son personnel.\u00a0<\/p>\n<p><strong>Lire aussi|<\/strong> <a href=\"https:\/\/www.challenge.ma\/trafic-aerien-domestique-et-international-libre-circulation-inter-villes-cafe-restaurant-hammams-malls-plage-semaine-decisive-145715\/\"><strong>Trafic a\u00e9rien domestique et international, libre circulation inter-villes, caf\u00e9, restaurant, hammams, malls, plage\u2026 : Semaine d\u00e9cisive<\/strong><\/a><\/p>\n<p>Notons que les vols sont disponibles \u00e0 la vente sur le site Internet de la Compagnie Nationale www.royalairmaroc.com, via ses centres d\u2019appel ainsi que dans ses agences commerciales et sur le r\u00e9seau des agences de voyages.\u00a0<\/p>\n<div class=\"vw-sticky-sidebar-wrapper vw-sticky-sidebar widget_text awac-wrapper widget_text awac widget custom_html-4 textwidget custom-html-widget\">\n<p class=\"has-background c12\"><span class=\"widget-title c11\">Tribune et D\u00e9bats<\/span><\/p>\n<p>La tribune qui vous parle d\u2019une actu, d\u2019un sujet qui fait d\u00e9bat, les traitent et les analysent. \u00c9conomistes et autres experts, patrons d\u2019entreprises, d\u00e9cideurs, acteurs de la soci\u00e9t\u00e9 civile, s\u2019y prononcent et contribuent \u00e0 sa grande richesse. Vous avez votre opinion, convergente ou diff\u00e9rente. Exprimez-la et mesurez-vous ainsi \u00e0 nos tribuns et d\u00e9batteurs.<\/p>\n<p>Envoyez vos analyses \u00e0 : <a href=\"\/cdn-cgi\/l\/email-protection#086b67667c696b7c486b606964646d666f6d266569\"><span class=\"__cf_email__\" data-cfemail=\"dfbcb0b1abbebcab9fbcb7beb3b3bab1b8baf1b2be\">[email\u00a0protected]<\/span><\/a>, en pr\u00e9cisant votre nom, votre pr\u00e9nom et votre m\u00e9tier.<\/p>\n<\/div>\n<p>Auteur: challenge<br \/>\n<a href=\"https:\/\/www.challenge.ma\/ram-augmentation-graduelle-des-frequences-et-des-destinations-domestiques-145770\/\">Cliquez ici pour lire l&rsquo;article depuis sa source.<\/a><\/p>\n","protected":false},"excerpt":{"rendered":"<p>Suite au feu vert des autorit\u00e9s d\u2019autoriser les vols domestiques \u00e0 partir du 25 juin 2020, la Royal Air Maroc (RAM) annonce la reprise de ses vols domestiques et apporte des pr\u00e9cisions.\u00a0Le transporteur a\u00e9rien national indique que les vols seront op\u00e9r\u00e9s sur les destinations suivantes : Casablanca-Laayoune, Casablanca-Dakhla, Casablanca-Oujda et Casablanca-Agadir, a indiqu\u00e9 la RAM [&hellip;]<\/p>\n","protected":false},"author":1787,"featured_media":0,"comment_status":"closed","ping_status":"closed","sticky":false,"template":"","format":"standard","meta":{"fifu_image_url":"","fifu_image_alt":"","footnotes":""},"categories":[78,54],"tags":[],"class_list":["post-89699","post","type-post","status-publish","format-standard","hentry","category-economie","category-maroc"],"_links":{"self":[{"href":"https:\/\/linitiative.ca\/International\/wp-json\/wp\/v2\/posts\/89699","targetHints":{"allow":["GET"]}}],"collection":[{"href":"https:\/\/linitiative.ca\/International\/wp-json\/wp\/v2\/posts"}],"about":[{"href":"https:\/\/linitiative.ca\/International\/wp-json\/wp\/v2\/types\/post"}],"author":[{"embeddable":true,"href":"https:\/\/linitiative.ca\/International\/wp-json\/wp\/v2\/users\/1787"}],"replies":[{"embeddable":true,"href":"https:\/\/linitiative.ca\/International\/wp-json\/wp\/v2\/comments?post=89699"}],"version-history":[{"count":0,"href":"https:\/\/linitiative.ca\/International\/wp-json\/wp\/v2\/posts\/89699\/revisions"}],"wp:attachment":[{"href":"https:\/\/linitiative.ca\/International\/wp-json\/wp\/v2\/media?parent=89699"}],"wp:term":[{"taxonomy":"category","embeddable":true,"href":"https:\/\/linitiative.ca\/International\/wp-json\/wp\/v2\/categories?post=89699"},{"taxonomy":"post_tag","embeddable":true,"href":"https:\/\/linitiative.ca\/International\/wp-json\/wp\/v2\/tags?post=89699"}],"curies":[{"name":"wp","href":"https:\/\/api.w.org\/{rel}","templated":true}]}}