{"id":89702,"date":"2020-06-21T15:11:33","date_gmt":"2020-06-21T19:11:33","guid":{"rendered":"https:\/\/linitiative.ca\/International\/visite-du-president-tunisien-en-france\/"},"modified":"2020-06-21T15:11:33","modified_gmt":"2020-06-21T19:11:33","slug":"visite-du-president-tunisien-en-france","status":"publish","type":"post","link":"https:\/\/linitiative.ca\/International\/visite-du-president-tunisien-en-france\/","title":{"rendered":"VISITE DU PRESIDENT TUNISIEN EN FRANCE"},"content":{"rendered":"<div class=\"featured-area featured-area-inner\"><img loading=\"lazy\" decoding=\"async\" width=\"592\" height=\"296\" src=\"http:\/\/lepays.bf\/wp-content\/uploads\/2020\/06\/TUNISIE.jpg\" class=\"attachment-jannah-image-post size-jannah-image-post wp-post-image\" alt=\"\" srcset=\"http:\/\/lepays.bf\/wp-content\/uploads\/2020\/06\/TUNISIE.jpg 592w, http:\/\/lepays.bf\/wp-content\/uploads\/2020\/06\/TUNISIE-300x150.jpg 300w\" sizes=\"auto, (max-width: 592px) 100vw, 592px\"\/><\/div>\n<div class=\"entry-content entry clearfix\" readability=\"62\">\n<div class=\"stream-item stream-item-above-post-content\">\n<p><noscript><\/p>\n<p><a href=\"\/\/www3.smartadserver.com\/ac?jump=1&amp;nwid=2136&amp;siteid=240610&amp;pgname=rg&amp;fmtid=49046&amp;visit=m&amp;tmstp=[timestamp]&amp;out=nonrich\" target=\"_blank\" rel=\"noopener noreferrer\"><img decoding=\"async\" src=\"http:\/\/www3.smartadserver.com\/ac?out=nonrich&amp;nwid=2136&amp;siteid=240610&amp;pgname=rg&amp;fmtid=49046&amp;visit=m&amp;tmstp=[timestamp]\" border=\"0\" alt=\"\"\/><\/a><\/p>\n<p><\/noscript><\/div>\n<p class=\"c3\"><em>Le pr\u00e9sident tunisien, Ka\u00efs Sa\u00efed, sera re\u00e7u ce lundi 22 juin 2020 \u00e0 l\u2019Elys\u00e9e pour une visite officielle de vingt-quatre heures. Il est le premier chef d\u2019Etat \u00e9tranger \u00e0 \u00eatre re\u00e7u par Emmanuel Macron apr\u00e8s le long et p\u00e9nible confinement. Officiellement, c\u2019est une visite de travail et d\u2019amiti\u00e9. Mais l\u2019on pourrait dire que ce s\u00e9jour parisien permettra au N\u00b01 tunisien de conforter son pouvoir et surtout d\u2019aborder les questions \u00e9conomiques et s\u00e9curitaires avec le locataire de l\u2019Elys\u00e9e. Ce n\u2019est un secret pour personne que la Tunisie traverse aujourd\u2019hui une p\u00e9riode de vaches maigres sur le plan \u00e9conomique. Le tourisme qui constituait un des puissants leviers de l\u2019\u00e9conomie n\u2019attire plus grand monde \u00e0 cause des attaques terroristes auxquelles fait face le pays de Bourguiba. A cela s\u2019ajoute la crise sanitaire du Covid-19 qui aura mis \u00e0 rude \u00e9preuve l\u2019\u00e9conomie des diff\u00e9rentes nations. C\u2019est dire si la Tunisie qui revient de loin, a besoin de partenaires solides pour relancer l\u2019\u00e9conomie mais aussi pour mieux contrer les assauts r\u00e9p\u00e9titifs de la n\u00e9buleuse. Et en la mati\u00e8re, Paris a une expertise qui pourrait aider la Tunisie \u00e0 sortir la t\u00eate de l\u2019eau. Au-del\u00e0 de ces questions, Ka\u00efs Sa\u00efed pourrait \u00e9galement mettre \u00e0 profit son s\u00e9jour \u00e0 Paris pour lever toute \u00e9quivoque sur la position de son pays par rapport \u00e0 la crise libyenne.<\/em><\/p>\n<p class=\"c3\"><strong><em>Ce s\u00e9jour du pr\u00e9sident tunisien dans l\u2019Hexagone est plus une visite de raison<\/em><\/strong><\/p>\n<p class=\"c3\"><em>Car, on le sait, le pr\u00e9sident Ka\u00efs Sa\u00efed et le pr\u00e9sident du Parlement tunisien ne sont pas sur la m\u00eame longueur d\u2019onde quant \u00e0 la gestion de cette crise. On est d\u2019autant plus fond\u00e9 \u00e0 le penser que Rached Ghannouchi, pr\u00e9sident d\u2019Ennahdha, ne fait plus myst\u00e8re de sa volont\u00e9 de soutenir l\u2019intervention turque en Libye. Du reste, sa visite, en janvier dernier, \u00e0 Ankara et ses r\u00e9centes f\u00e9licitations \u00e0 Fayez el-Sarraj pour ses victoires successives face aux hommes du mar\u00e9chal Haftar, ont mis le pr\u00e9sident Ka\u00efs Sa\u00efed dans une situation inconfortable au point que ce dernier \u00e9tait oblig\u00e9 de mettre les points sur les I. \u00ab\u00a0Il n y\u2019a qu\u2019un seul pr\u00e9sident en Tunisie\u00a0\u00bb, avait l\u00e2ch\u00e9 Ka\u00efs Sa\u00efed pour signifier \u00e0 son pr\u00e9sident du per\u00e7oir qu\u2019il outrepassait ses pr\u00e9rogatives. Une mise en garde qui vaut son pesant d\u2019or. Parce que la Tunisie qui partage une longue fronti\u00e8re avec la Libye avait fait du principe de la non-ing\u00e9rence dans la politique \u00e9trang\u00e8re, un sacro-saint. Et on ne saurait lui donner tort, ce d\u2019autant que la crise libyenne a de graves cons\u00e9quences sur la stabilit\u00e9 \u00e9conomique et politique en Tunisie. Le moins que l\u2019on puisse dire, c\u2019est que cette visite de travail permettra, \u00e0 n\u2019en pas douter, aux deux Etats de renforcer leurs relations bilat\u00e9rales. C\u2019est dire si Paris vaut bien une vir\u00e9e. Autant dire que ce s\u00e9jour du pr\u00e9sident tunisien dans l\u2019Hexagone est plus une visite de raison qu\u2019une simple balade de sant\u00e9.<\/em><\/p>\n<p class=\"c3\"><strong><em>DZ<\/em><\/strong><\/p>\n<\/div>\n<p>Auteur: Le Pays<br \/>\n<a href=\"http:\/\/lepays.bf\/visite-du-president-tunisien-en-france\/\">Cliquez ici pour lire l&rsquo;article depuis sa source.<\/a><\/p>\n","protected":false},"excerpt":{"rendered":"<p>Le pr\u00e9sident tunisien, Ka\u00efs Sa\u00efed, sera re\u00e7u ce lundi 22 juin 2020 \u00e0 l\u2019Elys\u00e9e pour une visite officielle de vingt-quatre heures. Il est le premier chef d\u2019Etat \u00e9tranger \u00e0 \u00eatre re\u00e7u par Emmanuel Macron apr\u00e8s le long et p\u00e9nible confinement. Officiellement, c\u2019est une visite de travail et d\u2019amiti\u00e9. Mais l\u2019on pourrait dire que ce s\u00e9jour [&hellip;]<\/p>\n","protected":false},"author":1813,"featured_media":89703,"comment_status":"closed","ping_status":"closed","sticky":false,"template":"","format":"standard","meta":{"fifu_image_url":"","fifu_image_alt":"","footnotes":""},"categories":[73,81],"tags":[],"class_list":["post-89702","post","type-post","status-publish","format-standard","has-post-thumbnail","hentry","category-actualite","category-burkina-faso"],"_links":{"self":[{"href":"https:\/\/linitiative.ca\/International\/wp-json\/wp\/v2\/posts\/89702","targetHints":{"allow":["GET"]}}],"collection":[{"href":"https:\/\/linitiative.ca\/International\/wp-json\/wp\/v2\/posts"}],"about":[{"href":"https:\/\/linitiative.ca\/International\/wp-json\/wp\/v2\/types\/post"}],"author":[{"embeddable":true,"href":"https:\/\/linitiative.ca\/International\/wp-json\/wp\/v2\/users\/1813"}],"replies":[{"embeddable":true,"href":"https:\/\/linitiative.ca\/International\/wp-json\/wp\/v2\/comments?post=89702"}],"version-history":[{"count":0,"href":"https:\/\/linitiative.ca\/International\/wp-json\/wp\/v2\/posts\/89702\/revisions"}],"wp:featuredmedia":[{"embeddable":true,"href":"https:\/\/linitiative.ca\/International\/wp-json\/"}],"wp:attachment":[{"href":"https:\/\/linitiative.ca\/International\/wp-json\/wp\/v2\/media?parent=89702"}],"wp:term":[{"taxonomy":"category","embeddable":true,"href":"https:\/\/linitiative.ca\/International\/wp-json\/wp\/v2\/categories?post=89702"},{"taxonomy":"post_tag","embeddable":true,"href":"https:\/\/linitiative.ca\/International\/wp-json\/wp\/v2\/tags?post=89702"}],"curies":[{"name":"wp","href":"https:\/\/api.w.org\/{rel}","templated":true}]}}