{"id":89704,"date":"2020-06-20T18:18:11","date_gmt":"2020-06-20T22:18:11","guid":{"rendered":"https:\/\/linitiative.ca\/International\/covid-19-des-vivres-et-non-vivres-offerts-a-des-orphelins-a-abidjan\/"},"modified":"2020-06-20T18:18:11","modified_gmt":"2020-06-20T22:18:11","slug":"covid-19-des-vivres-et-non-vivres-offerts-a-des-orphelins-a-abidjan","status":"publish","type":"post","link":"https:\/\/linitiative.ca\/International\/covid-19-des-vivres-et-non-vivres-offerts-a-des-orphelins-a-abidjan\/","title":{"rendered":"Covid-19:  des vivres et non-vivres offerts \u00e0 des orphelins \u00e0 Abidjan"},"content":{"rendered":"<div readability=\"32\">\n<p>Publi\u00e9 le 20.06.2020 \u00e0 23h18 par APA News<\/p>\n<\/div>\n<div readability=\"57\">\n<p>Des employ\u00e9s d\u2019une compagnie de t\u00e9l\u00e9phonie mobile ont offert des vivres et des non-vivres au village d\u2019enfants SOS d\u2019Abobo, un centre social qui accueille des orphelins et vuln\u00e9rables au Nord d\u2019Abidjan, rapporte un communiqu\u00e9 transmis samedi \u00e0 APA.Ce don s\u2019inscrit dans le cadre de l\u2019op\u00e9ration de solidarit\u00e9 lanc\u00e9e par les employ\u00e9s de la compagnie de t\u00e9l\u00e9phonie mobile MTN C\u00f4te d\u2019Ivoire pour soutenir les couches sociales rendues vuln\u00e9rables du fait de la pand\u00e9mie de la Covid-19. Il est compos\u00e9 essentiellement du riz, de l\u2019huile, de p\u00e2tes alimentaires, de savon, de l\u2019eau de javel, de couches de b\u00e9b\u00e9, des thermom\u00e8tres infrarouge et des cache-nez.<\/p>\n<p>\u00a0Lors de la remise de ce don, indique le communiqu\u00e9, \u00a0Natenin Coulibaly, \u00a0la secr\u00e9taire g\u00e9n\u00e9rale de cette compagnie de t\u00e9l\u00e9phonie mobile a soutenu que c\u2019est avec joie et fiert\u00e9 que les employ\u00e9s de son entreprise apportent leur soutien \u00e0 SOS Village d\u2019Enfants d\u2019Abobo afin de le soutenir dans la prise en charge des enfants pensionnaires en cette p\u00e9riode de crise sanitaire. \u00a0<\/p>\n<p>En retour, Koala Oumarou, le directeur national de SOS Villages d\u2019Enfants C\u00f4te d\u2019Ivoire, a dit la gratitude de son institution au donateur.<\/p>\n<\/div>\n<p>Auteur: APA News<br \/>\n<a href=\"https:\/\/www.journalducameroun.com\/covid-19-des-vivres-et-non-vivres-offerts-a-des-orphelins-a-abidjan\/\">Cliquez ici pour lire l&rsquo;article depuis sa source.<\/a><\/p>\n","protected":false},"excerpt":{"rendered":"<p>Publi\u00e9 le 20.06.2020 \u00e0 23h18 par APA News Des employ\u00e9s d\u2019une compagnie de t\u00e9l\u00e9phonie mobile ont offert des vivres et des non-vivres au village d\u2019enfants SOS d\u2019Abobo, un centre social qui accueille des orphelins et vuln\u00e9rables au Nord d\u2019Abidjan, rapporte un communiqu\u00e9 transmis samedi \u00e0 APA.Ce don s\u2019inscrit dans le cadre de l\u2019op\u00e9ration de solidarit\u00e9 [&hellip;]<\/p>\n","protected":false},"author":1965,"featured_media":0,"comment_status":"closed","ping_status":"closed","sticky":false,"template":"","format":"standard","meta":{"fifu_image_url":"","fifu_image_alt":"","footnotes":""},"categories":[73,82],"tags":[],"class_list":["post-89704","post","type-post","status-publish","format-standard","hentry","category-actualite","category-cameroun"],"_links":{"self":[{"href":"https:\/\/linitiative.ca\/International\/wp-json\/wp\/v2\/posts\/89704","targetHints":{"allow":["GET"]}}],"collection":[{"href":"https:\/\/linitiative.ca\/International\/wp-json\/wp\/v2\/posts"}],"about":[{"href":"https:\/\/linitiative.ca\/International\/wp-json\/wp\/v2\/types\/post"}],"author":[{"embeddable":true,"href":"https:\/\/linitiative.ca\/International\/wp-json\/wp\/v2\/users\/1965"}],"replies":[{"embeddable":true,"href":"https:\/\/linitiative.ca\/International\/wp-json\/wp\/v2\/comments?post=89704"}],"version-history":[{"count":0,"href":"https:\/\/linitiative.ca\/International\/wp-json\/wp\/v2\/posts\/89704\/revisions"}],"wp:attachment":[{"href":"https:\/\/linitiative.ca\/International\/wp-json\/wp\/v2\/media?parent=89704"}],"wp:term":[{"taxonomy":"category","embeddable":true,"href":"https:\/\/linitiative.ca\/International\/wp-json\/wp\/v2\/categories?post=89704"},{"taxonomy":"post_tag","embeddable":true,"href":"https:\/\/linitiative.ca\/International\/wp-json\/wp\/v2\/tags?post=89704"}],"curies":[{"name":"wp","href":"https:\/\/api.w.org\/{rel}","templated":true}]}}