{"id":89705,"date":"2020-06-20T18:56:13","date_gmt":"2020-06-20T22:56:13","guid":{"rendered":"https:\/\/linitiative.ca\/International\/cameroun-fotso-victor-inhume-le-20-juin-avec-son-telephone-suivant-sa-volonte\/"},"modified":"2020-06-20T18:56:13","modified_gmt":"2020-06-20T22:56:13","slug":"cameroun-fotso-victor-inhume-le-20-juin-avec-son-telephone-suivant-sa-volonte","status":"publish","type":"post","link":"https:\/\/linitiative.ca\/International\/cameroun-fotso-victor-inhume-le-20-juin-avec-son-telephone-suivant-sa-volonte\/","title":{"rendered":"Cameroun : Fotso Victor inhum\u00e9 le 20 juin avec son t\u00e9l\u00e9phone suivant sa volont\u00e9"},"content":{"rendered":"<div readability=\"32\">\n<p>Publi\u00e9 le 20.06.2020 \u00e0 23h56 par Christian Djimadeu<\/p>\n<\/div>\n<div readability=\"46\">\n<h2 class=\"c6\">Le milliardaire, \u00e9lite de Bandjoun a \u00e9t\u00e9 enterr\u00e9 le 20 juin\u00a0 suivant ses derni\u00e8res volont\u00e9s.<\/h2>\n<p>Fotso Victor repose en paix \u00e0 Bandjoun o\u00f9 il f\u00fbt le maire et \u00e9lite, comptant parmi les plus importantes.<\/p>\n<p>Un parterre d\u2019officiels, d\u2019hommes politiques, d\u2019affaires, des paysages culturel et sportif notamment \u00e9taient pr\u00e9sents \u00e0 ces obs\u00e8ques.<\/p>\n<p class=\"c8\">Victor Fotso a \u00e9t\u00e9 \u00e9lev\u00e9 au grade de Commandeur du m\u00e9rite agricole.<\/p>\n<p>Selon CRTVweb, le milliardaire homme d\u2019affaires a \u00e9t\u00e9 inhum\u00e9 avec son t\u00e9l\u00e9phone portable. Il s\u2019agirait d\u2019une de ses derni\u00e8res volont\u00e9s. <img loading=\"lazy\" decoding=\"async\" class=\"alignnone wp-image-368918 size-full\" src=\"https:\/\/www.journalducameroun.com\/wp-content\/uploads\/2020\/06\/IMG-20200620-WA0031-e1592693708665.jpg\" alt=\"\" width=\"499\" height=\"720\"\/><\/p>\n<\/div>\n<p>Auteur: Christian DJIMADEU<br \/>\n<a href=\"https:\/\/www.journalducameroun.com\/cameroun-fotso-victor-inhume-le-20-juin-avec-son-telephone-suivant-sa-volonte\/\">Cliquez ici pour lire l&rsquo;article depuis sa source.<\/a><\/p>\n","protected":false},"excerpt":{"rendered":"<p>Publi\u00e9 le 20.06.2020 \u00e0 23h56 par Christian Djimadeu Le milliardaire, \u00e9lite de Bandjoun a \u00e9t\u00e9 enterr\u00e9 le 20 juin\u00a0 suivant ses derni\u00e8res volont\u00e9s. Fotso Victor repose en paix \u00e0 Bandjoun o\u00f9 il f\u00fbt le maire et \u00e9lite, comptant parmi les plus importantes. Un parterre d\u2019officiels, d\u2019hommes politiques, d\u2019affaires, des paysages culturel et sportif notamment \u00e9taient [&hellip;]<\/p>\n","protected":false},"author":1965,"featured_media":89706,"comment_status":"closed","ping_status":"closed","sticky":false,"template":"","format":"standard","meta":{"fifu_image_url":"","fifu_image_alt":"","footnotes":""},"categories":[73,82],"tags":[],"class_list":["post-89705","post","type-post","status-publish","format-standard","has-post-thumbnail","hentry","category-actualite","category-cameroun"],"_links":{"self":[{"href":"https:\/\/linitiative.ca\/International\/wp-json\/wp\/v2\/posts\/89705","targetHints":{"allow":["GET"]}}],"collection":[{"href":"https:\/\/linitiative.ca\/International\/wp-json\/wp\/v2\/posts"}],"about":[{"href":"https:\/\/linitiative.ca\/International\/wp-json\/wp\/v2\/types\/post"}],"author":[{"embeddable":true,"href":"https:\/\/linitiative.ca\/International\/wp-json\/wp\/v2\/users\/1965"}],"replies":[{"embeddable":true,"href":"https:\/\/linitiative.ca\/International\/wp-json\/wp\/v2\/comments?post=89705"}],"version-history":[{"count":0,"href":"https:\/\/linitiative.ca\/International\/wp-json\/wp\/v2\/posts\/89705\/revisions"}],"wp:featuredmedia":[{"embeddable":true,"href":"https:\/\/linitiative.ca\/International\/wp-json\/"}],"wp:attachment":[{"href":"https:\/\/linitiative.ca\/International\/wp-json\/wp\/v2\/media?parent=89705"}],"wp:term":[{"taxonomy":"category","embeddable":true,"href":"https:\/\/linitiative.ca\/International\/wp-json\/wp\/v2\/categories?post=89705"},{"taxonomy":"post_tag","embeddable":true,"href":"https:\/\/linitiative.ca\/International\/wp-json\/wp\/v2\/tags?post=89705"}],"curies":[{"name":"wp","href":"https:\/\/api.w.org\/{rel}","templated":true}]}}