{"id":89708,"date":"2020-06-21T15:18:04","date_gmt":"2020-06-21T19:18:04","guid":{"rendered":"https:\/\/linitiative.ca\/International\/cote-divoire-16-morts-et-05-personnes-disparues-apres-un-glissement-de-terrain-a-anyama-nouveau-bilan\/"},"modified":"2020-06-21T15:18:04","modified_gmt":"2020-06-21T19:18:04","slug":"cote-divoire-16-morts-et-05-personnes-disparues-apres-un-glissement-de-terrain-a-anyama-nouveau-bilan","status":"publish","type":"post","link":"https:\/\/linitiative.ca\/International\/cote-divoire-16-morts-et-05-personnes-disparues-apres-un-glissement-de-terrain-a-anyama-nouveau-bilan\/","title":{"rendered":"C\u00f4te d\u2019Ivoire : 16 morts et 05 personnes disparues apr\u00e8s un glissement de terrain \u00e0 Anyama (nouveau bilan)"},"content":{"rendered":"<div readability=\"32\">\n<p>Publi\u00e9 le 21.06.2020 \u00e0 20h18 par APA News<\/p>\n<\/div>\n<div readability=\"90\">\n<p>Quatre jours apr\u00e8s l\u2019effondrement de plusieurs habitations \u00e0 Anyama au Nord d\u2019Abidjan, le bilan s\u2019est alourdi faisant \u00e9tat de 16 morts, 5 personnes disparues, 733 personnes sinistr\u00e9es issues de 52 familles.L\u2019information a \u00e9t\u00e9 donn\u00e9e dimanche par Mariatou Kon\u00e9, la ministre ivoirienne de la Solidarit\u00e9, de la coh\u00e9sion sociale et de la lutte contre pauvret\u00e9 au terme d\u2019une visite aux familles sinistr\u00e9es relog\u00e9es temporairement \u00e0 l\u2019\u00e9glise catholique et \u00e0 la grande mosqu\u00e9e d\u2019Anyama.\u00a0<\/p>\n<p>\u00ab Il y a 16 personnes qui ont perdu la vie dans ce drame, 05 personnes qui sont port\u00e9es disparues, 52 familles qui sont la d\u00e9solation et repr\u00e9sentent pr\u00e8s de 733 personnes\u00bb, a soulign\u00e9 Mme Kon\u00e9 dont la visite s\u2019est achev\u00e9e sur le lieu de ce drame.\u00a0<\/p>\n<p>\u00ab La C\u00f4te d\u2019Ivoire est sous les eaux. Il faut que les populations quittent les flancs de colline. Il faut qu\u2019elles quittent les zones \u00e0 risque pour elles-m\u00eames et pour leurs familles. Il faut que chacun se mette \u00e0 l\u2019abri pour \u00e9viter ce genre de sinistre \u00bb, a exhort\u00e9 la ministre, appelant avec insistance \u00e0 la vigilance et \u00e0 la prudence des uns et des autres.\u00a0<\/p>\n<p>Auparavant, Mme Kon\u00e9 qui \u00e9tait en compagnie des autorit\u00e9s politiques et administratives d\u2019Anyama, \u00a0a rencontr\u00e9 les familles sinistr\u00e9es relog\u00e9es pour certaines \u00e0 l\u2019\u00e9glise catholique et pour d\u2019autres \u00e0 la grande mosqu\u00e9e de la ville. Au nom du gouvernement, elle leur a offert des vivres et des non-vivres en attendant d\u2019autres mesures qui seront prises par l\u2019ex\u00e9cutif ivoirien. \u00a0<\/p>\n<p>Regards hagards, visages crisp\u00e9s par la douleur, assis sous des tentes, les sinistr\u00e9s de ce glissement de terrain, sont pris en charge depuis ce drame par les autorit\u00e9s locales avec le concours du minist\u00e8re de la solidarit\u00e9. Dans la cour de cet \u00e9difice religieux ( \u00c9glise), qui leur a ouvert ses portes, les enfants des sinistr\u00e9s, dans l\u2019insouciance de l\u2019\u00e2ge, s\u2019adonnent \u00e0 divers jeux.\u00a0<\/p>\n<p>\u00a0\u00ab Nous sommes log\u00e9s \u00e0 la mosqu\u00e9e et \u00e0 l\u2019\u00e9glise depuis jeudi soir (Jour du drame). Nous dormons bien et nous mangeons bien avec nos enfants. Nous ne payons rien\u00bb, a dit \u00e0 APA, Bakary Coulibaly, l\u2019un des porte-parole des sinistr\u00e9s, \u00a0visiblement r\u00e9confort\u00e9 par la visite de la ministre venue leur t\u00e9moigner la compassion du gouvernement ivoirien.\u00a0<\/p>\n<p>Plusieurs habitations se sont effondr\u00e9es avec leurs occupants jeudi dernier \u00e0 Anyama, une commune situ\u00e9e dans la banlieue Nord d\u2019Abidjan suite \u00e0 une forte pluie faisant au moins 13 morts et plusieurs personnes disparues le m\u00eame jour. La m\u00e9t\u00e9o annonce de fortes pr\u00e9cipitations dans les jours \u00e0 venir dans le district d\u2019Abidjan.<\/p>\n<\/div>\n<p>Auteur: APA News<br \/>\n<a href=\"https:\/\/www.journalducameroun.com\/cote-divoire-16-morts-et-05-personnes-disparues-apres-un-glissement-de-terrain-a-anyama-nouveau-bilan\/\">Cliquez ici pour lire l&rsquo;article depuis sa source.<\/a><\/p>\n","protected":false},"excerpt":{"rendered":"<p>Publi\u00e9 le 21.06.2020 \u00e0 20h18 par APA News Quatre jours apr\u00e8s l\u2019effondrement de plusieurs habitations \u00e0 Anyama au Nord d\u2019Abidjan, le bilan s\u2019est alourdi faisant \u00e9tat de 16 morts, 5 personnes disparues, 733 personnes sinistr\u00e9es issues de 52 familles.L\u2019information a \u00e9t\u00e9 donn\u00e9e dimanche par Mariatou Kon\u00e9, la ministre ivoirienne de la Solidarit\u00e9, de la coh\u00e9sion [&hellip;]<\/p>\n","protected":false},"author":1965,"featured_media":0,"comment_status":"closed","ping_status":"closed","sticky":false,"template":"","format":"standard","meta":{"fifu_image_url":"","fifu_image_alt":"","footnotes":""},"categories":[73,82],"tags":[],"class_list":["post-89708","post","type-post","status-publish","format-standard","hentry","category-actualite","category-cameroun"],"_links":{"self":[{"href":"https:\/\/linitiative.ca\/International\/wp-json\/wp\/v2\/posts\/89708","targetHints":{"allow":["GET"]}}],"collection":[{"href":"https:\/\/linitiative.ca\/International\/wp-json\/wp\/v2\/posts"}],"about":[{"href":"https:\/\/linitiative.ca\/International\/wp-json\/wp\/v2\/types\/post"}],"author":[{"embeddable":true,"href":"https:\/\/linitiative.ca\/International\/wp-json\/wp\/v2\/users\/1965"}],"replies":[{"embeddable":true,"href":"https:\/\/linitiative.ca\/International\/wp-json\/wp\/v2\/comments?post=89708"}],"version-history":[{"count":0,"href":"https:\/\/linitiative.ca\/International\/wp-json\/wp\/v2\/posts\/89708\/revisions"}],"wp:attachment":[{"href":"https:\/\/linitiative.ca\/International\/wp-json\/wp\/v2\/media?parent=89708"}],"wp:term":[{"taxonomy":"category","embeddable":true,"href":"https:\/\/linitiative.ca\/International\/wp-json\/wp\/v2\/categories?post=89708"},{"taxonomy":"post_tag","embeddable":true,"href":"https:\/\/linitiative.ca\/International\/wp-json\/wp\/v2\/tags?post=89708"}],"curies":[{"name":"wp","href":"https:\/\/api.w.org\/{rel}","templated":true}]}}