{"id":89727,"date":"2020-06-22T09:59:41","date_gmt":"2020-06-22T13:59:41","guid":{"rendered":"https:\/\/linitiative.ca\/International\/cineastes-amateurs-report-de-la-35eme-edition-du-fifak-au-mois-daout-2021\/"},"modified":"2020-06-22T09:59:41","modified_gmt":"2020-06-22T13:59:41","slug":"cineastes-amateurs-report-de-la-35eme-edition-du-fifak-au-mois-daout-2021","status":"publish","type":"post","link":"https:\/\/linitiative.ca\/International\/cineastes-amateurs-report-de-la-35eme-edition-du-fifak-au-mois-daout-2021\/","title":{"rendered":"Cin\u00e9astes amateurs : Report de la 35\u00e8me \u00e9dition du FIFAK au mois d\u2019ao\u00fbt 2021"},"content":{"rendered":"<p>La F\u00e9d\u00e9ration tunisienne des cin\u00e9astes amateurs (FTCA) a annonc\u00e9, dans un communiqu\u00e9 de presse, le report de la 35\u00e8me \u00e9dition du festival international du film amateur de K\u00e9libia (FIFAK) \u00e0 la prochaine saison estivale soit du 7 au 14 ao\u00fbt 2021 et ce \u00e0 la suite de la crise sanitaire mondiale li\u00e9e au coronavirus et des multiples craintes d\u2019une deuxi\u00e8me vaque de l\u2019\u00e9pid\u00e9mie.<\/p>\n<p>Le m\u00eame source a tenu \u00e0 pr\u00e9ciser qu\u2019il n\u2019\u00e9tait pas possible de changer la vocation du festival pour en faire un festival national d\u00e8s lors que ce rendez-vous cin\u00e9matographique annuel demeure un festival exceptionnel \u00e0 l\u2019\u00e9chelle arabe et africaine.<\/p>\n<p>Par ailleurs, l\u2019organisation de cette \u00e9dition n\u2019a pu \u00eatre possible \u00e9tant donn\u00e9 que les cin\u00e9astes amateurs et les \u00e9tudiants des \u00e9coles de cin\u00e9ma et de l\u2019audiovisuel ajoute le communiqu\u00e9 n\u2019ont pu achever leurs projets de film \u00e0 la lumi\u00e8re de cette crise mondiale et du contexte du confinement sanitaire g\u00e9n\u00e9ral tout en sachant que la comp\u00e9tition nationale est l\u2019un des piliers du FIFAK.<\/p>\n<div class=\"wp-post-author-wrap wp-post-author-shortcode left\">\n<h3 class=\"awpa-title\"\/>\n<div class=\"wp-post-author\">\n<div class=\"awpa-img awpa-author-block square\"><a href=\"http:\/\/lexpertjournal.net\/fr\/?author=5\"><img loading=\"lazy\" decoding=\"async\" alt=\"\" src=\"http:\/\/0.gravatar.com\/avatar\/97f8e10a1c1125ba104a76514ee07b16?s=150&amp;d=mm&amp;r=g\" srcset=\"http:\/\/0.gravatar.com\/avatar\/97f8e10a1c1125ba104a76514ee07b16?s=300&amp;d=mm&amp;r=g 2x\" class=\"avatar avatar-150 photo\" height=\"150\" width=\"150\"\/><\/a><\/div>\n<\/div>\n<\/div>\n<aside class=\"mashsb-container mashsb-main mashsb-stretched\">\n<\/aside>\n<p>Auteur: L&rsquo;expert<br \/>\n<a href=\"http:\/\/lexpertjournal.net\/fr\/?p=15365\">Cliquez ici pour lire l&rsquo;article depuis sa source.<\/a><\/p>\n","protected":false},"excerpt":{"rendered":"<p>La F\u00e9d\u00e9ration tunisienne des cin\u00e9astes amateurs (FTCA) a annonc\u00e9, dans un communiqu\u00e9 de presse, le report de la 35\u00e8me \u00e9dition du festival international du film amateur de K\u00e9libia (FIFAK) \u00e0 la prochaine saison estivale soit du 7 au 14 ao\u00fbt 2021 et ce \u00e0 la suite de la crise sanitaire mondiale li\u00e9e au coronavirus et [&hellip;]<\/p>\n","protected":false},"author":1775,"featured_media":0,"comment_status":"closed","ping_status":"closed","sticky":false,"template":"","format":"standard","meta":{"fifu_image_url":"","fifu_image_alt":"","footnotes":""},"categories":[78,55],"tags":[],"class_list":["post-89727","post","type-post","status-publish","format-standard","hentry","category-economie","category-tunisie"],"_links":{"self":[{"href":"https:\/\/linitiative.ca\/International\/wp-json\/wp\/v2\/posts\/89727","targetHints":{"allow":["GET"]}}],"collection":[{"href":"https:\/\/linitiative.ca\/International\/wp-json\/wp\/v2\/posts"}],"about":[{"href":"https:\/\/linitiative.ca\/International\/wp-json\/wp\/v2\/types\/post"}],"author":[{"embeddable":true,"href":"https:\/\/linitiative.ca\/International\/wp-json\/wp\/v2\/users\/1775"}],"replies":[{"embeddable":true,"href":"https:\/\/linitiative.ca\/International\/wp-json\/wp\/v2\/comments?post=89727"}],"version-history":[{"count":0,"href":"https:\/\/linitiative.ca\/International\/wp-json\/wp\/v2\/posts\/89727\/revisions"}],"wp:attachment":[{"href":"https:\/\/linitiative.ca\/International\/wp-json\/wp\/v2\/media?parent=89727"}],"wp:term":[{"taxonomy":"category","embeddable":true,"href":"https:\/\/linitiative.ca\/International\/wp-json\/wp\/v2\/categories?post=89727"},{"taxonomy":"post_tag","embeddable":true,"href":"https:\/\/linitiative.ca\/International\/wp-json\/wp\/v2\/tags?post=89727"}],"curies":[{"name":"wp","href":"https:\/\/api.w.org\/{rel}","templated":true}]}}