{"id":89729,"date":"2020-06-22T10:25:21","date_gmt":"2020-06-22T14:25:21","guid":{"rendered":"https:\/\/linitiative.ca\/International\/covid-19-deux-nouveaux-cas-importes-sur-189-tests\/"},"modified":"2020-06-22T10:25:21","modified_gmt":"2020-06-22T14:25:21","slug":"covid-19-deux-nouveaux-cas-importes-sur-189-tests","status":"publish","type":"post","link":"https:\/\/linitiative.ca\/International\/covid-19-deux-nouveaux-cas-importes-sur-189-tests\/","title":{"rendered":"COVID-19 :  Deux nouveaux cas import\u00e9s sur 189 tests"},"content":{"rendered":"<p>Le minist\u00e8re de la sant\u00e9 a annonc\u00e9, dans un communiqu\u00e9 publi\u00e9 lundi, qu\u2019en date du 21 juin 2020, sur un total de 189 analyses effectu\u00e9es dont 01 dans le cadre du suivi des cas actifs, 03 tests ont \u00e9t\u00e9 positifs.<\/p>\n<p>Il s\u2019agit de 02 nouveaux cas import\u00e9s parmi les Tunisiens rapatri\u00e9s et plac\u00e9s en confinement obligatoire et de 01 cas d\u00e9j\u00e0 actif.<\/p>\n<p>Le bilan passe ainsi \u00e0 1159 cas confirm\u00e9s sur un total de 67234 analyses effectu\u00e9es depuis le d\u00e9but de la pand\u00e9mie en mars dernier.<\/p>\n<p>1020 personnes se sont r\u00e9tablies et 89 malades sont encore porteurs du virus et sont toujours en observation.<\/p>\n<p>Le nombre de d\u00e9c\u00e8s reste inchang\u00e9 avec 50 morts.<\/p>\n<p>Le minist\u00e8re de la sant\u00e9 souligne que tous les cas actifs sont plac\u00e9s dans les centres de confinement sp\u00e9cialis\u00e9s.<\/p>\n<div class=\"wp-post-author-wrap wp-post-author-shortcode left\">\n<h3 class=\"awpa-title\"\/>\n<div class=\"wp-post-author\">\n<div class=\"awpa-img awpa-author-block square\"><a href=\"http:\/\/lexpertjournal.net\/fr\/?author=5\"><img loading=\"lazy\" decoding=\"async\" alt=\"\" src=\"http:\/\/0.gravatar.com\/avatar\/97f8e10a1c1125ba104a76514ee07b16?s=150&amp;d=mm&amp;r=g\" srcset=\"http:\/\/0.gravatar.com\/avatar\/97f8e10a1c1125ba104a76514ee07b16?s=300&amp;d=mm&amp;r=g 2x\" class=\"avatar avatar-150 photo\" height=\"150\" width=\"150\"\/><\/a><\/div>\n<\/div>\n<\/div>\n<aside class=\"mashsb-container mashsb-main mashsb-stretched\">\n<\/aside>\n<p>Auteur: L&rsquo;expert<br \/>\n<a href=\"http:\/\/lexpertjournal.net\/fr\/?p=15371\">Cliquez ici pour lire l&rsquo;article depuis sa source.<\/a><\/p>\n","protected":false},"excerpt":{"rendered":"<p>Le minist\u00e8re de la sant\u00e9 a annonc\u00e9, dans un communiqu\u00e9 publi\u00e9 lundi, qu\u2019en date du 21 juin 2020, sur un total de 189 analyses effectu\u00e9es dont 01 dans le cadre du suivi des cas actifs, 03 tests ont \u00e9t\u00e9 positifs. Il s\u2019agit de 02 nouveaux cas import\u00e9s parmi les Tunisiens rapatri\u00e9s et plac\u00e9s en confinement [&hellip;]<\/p>\n","protected":false},"author":1775,"featured_media":0,"comment_status":"closed","ping_status":"closed","sticky":false,"template":"","format":"standard","meta":{"fifu_image_url":"","fifu_image_alt":"","footnotes":""},"categories":[78,55],"tags":[],"class_list":["post-89729","post","type-post","status-publish","format-standard","hentry","category-economie","category-tunisie"],"_links":{"self":[{"href":"https:\/\/linitiative.ca\/International\/wp-json\/wp\/v2\/posts\/89729","targetHints":{"allow":["GET"]}}],"collection":[{"href":"https:\/\/linitiative.ca\/International\/wp-json\/wp\/v2\/posts"}],"about":[{"href":"https:\/\/linitiative.ca\/International\/wp-json\/wp\/v2\/types\/post"}],"author":[{"embeddable":true,"href":"https:\/\/linitiative.ca\/International\/wp-json\/wp\/v2\/users\/1775"}],"replies":[{"embeddable":true,"href":"https:\/\/linitiative.ca\/International\/wp-json\/wp\/v2\/comments?post=89729"}],"version-history":[{"count":0,"href":"https:\/\/linitiative.ca\/International\/wp-json\/wp\/v2\/posts\/89729\/revisions"}],"wp:attachment":[{"href":"https:\/\/linitiative.ca\/International\/wp-json\/wp\/v2\/media?parent=89729"}],"wp:term":[{"taxonomy":"category","embeddable":true,"href":"https:\/\/linitiative.ca\/International\/wp-json\/wp\/v2\/categories?post=89729"},{"taxonomy":"post_tag","embeddable":true,"href":"https:\/\/linitiative.ca\/International\/wp-json\/wp\/v2\/tags?post=89729"}],"curies":[{"name":"wp","href":"https:\/\/api.w.org\/{rel}","templated":true}]}}