{"id":89734,"date":"2020-06-22T13:00:00","date_gmt":"2020-06-22T17:00:00","guid":{"rendered":"https:\/\/linitiative.ca\/International\/video-les-transports-en-commun-a-lheure-du-deconfinement\/"},"modified":"2020-06-22T13:00:00","modified_gmt":"2020-06-22T17:00:00","slug":"video-les-transports-en-commun-a-lheure-du-deconfinement","status":"publish","type":"post","link":"https:\/\/linitiative.ca\/International\/video-les-transports-en-commun-a-lheure-du-deconfinement\/","title":{"rendered":"[Vid\u00e9o] Les transports en commun \u00e0 l&rsquo;heure du d\u00e9confinement"},"content":{"rendered":"<div id=\"originalText\" readability=\"112\">\n<p class=\"c6\"><em>A la station de tramway des Fusill\u00e9s, aux Ruisseaux, plusieurs agents portant des gilets jaunes tentent d\u2019assurer la s\u00e9curit\u00e9 mais de\u2026 loin !\u00a0 Ils observant, en effet, les bras crois\u00e9s, l&rsquo;affluence des usagers.<\/em><\/p>\n<p class=\"c7\">A l\u2019heure de la deuxi\u00e8me phase du d\u00e9confinement, le manque de respect des mesures d\u2019hygi\u00e8ne dans les transports en commun inqui\u00e8te les chauffeurs et les receveurs de bus. \u00ab\u00a0La distanciation sociale n&rsquo;est pas respect\u00e9e, on ne peut pas emp\u00eacher les gens de monter dans le bus\u00a0\u00bb, se plaint un chauffeur de l&rsquo;ETUSA. C&rsquo;est d&rsquo;ailleurs l&rsquo;avis de beaucoup d&rsquo;autres employ\u00e9s de l&rsquo;entreprise nationale des transports, qui n&rsquo;ont pas manqu\u00e9 d&rsquo;exprimer leur inqui\u00e9tude face \u00e0 cette situation.<\/p>\n<p class=\"c7\">A la station de l&rsquo;ETUSA du 1er Mai, le guichet de vente de tickets est ferm\u00e9. Les usagers sont contraints de solliciter, \u00e0 chaque fois, les chauffeurs de bus pour connaitre la destination.<\/p>\n<p class=\"c7\">Un jeune m\u00e9decin g\u00e9n\u00e9raliste, rencontr\u00e9 sur place, tire la sonnette d\u2019alarme\u00a0: \u00ab\u00a0les citoyens ne semblent pas prendre au s\u00e9rieux la menace du virus, car je vois les gens se comporter dans l\u2019espace public comme s\u2019il n\u2019y avait pas de crise sanitaire \u00bb.<\/p>\n<p class=\"c7\">Un autre t\u00e9moin, un homme dans la cinquantaine, flanqu\u00e9 sous un abribus, s\u2019emporte : \u00ab je ne suis plus rassur\u00e9 de prendre les transports en commun, les mesures de s\u00e9curit\u00e9 sanitaires ne sont pas respect\u00e9es. Des passagers se permettent m\u00eame de retirer leurs bavettes \u00e0 l&rsquo;int\u00e9rieur des bus pourtant bond\u00e9s de monde !\u00a0\u00bb<br \/>\u00a0<\/p>\n<p class=\"c7\">M\u00eame constat \u00e0 la station de tramway des Fusill\u00e9s, aux Ruisseaux. Plusieurs agents portant des gilets jaunes tentent d\u2019assurer la s\u00e9curit\u00e9, mais de\u2026 loin\u00a0! \u00a0Ils observant, en effet, les bras crois\u00e9s, l&rsquo;affluence des usagers. Malgr\u00e9 le dispositif de sensibilisation et de distanciation d\u00e9ploy\u00e9 par SETRAM, les conditions de protection sanitaire sont encore loin d\u2019\u00eatre r\u00e9unies.<\/p>\n<p class=\"c7\">\u00ab\u00a0 Voyez-vous, personne ne respecte les consignes, mais malheureusement je suis oblig\u00e9e de me rendre \u00e0 mon travail par tram\u00a0\u00bb, s\u2019indigne une fonctionnaire, \u00a0ajoutant que si elle pouvait se permettre d\u2019emprunter un VTC (voiture de transport avec chauffeur) ou un taxi, \u00a0elle l\u2019aurait fait, \u00ab\u00a0mais leur tarification reste \u00e9lev\u00e9e pour les petites bourses\u00a0\u00bb.<\/p>\n<p><iframe loading=\"lazy\" allow=\"accelerometer; autoplay; encrypted-media; gyroscope; picture-in-picture\" allowfullscreen=\"\" frameborder=\"0\" height=\"315\" src=\"https:\/\/www.youtube.com\/embed\/KVvhs4pmJvE\" width=\"560\">[embedded content]<\/iframe><\/p>\n<p>Quant aux taxis, \u00ab\u00a0Les chauffeurs ne veulent reprendre l\u2019activit\u00e9 qu\u2019\u00e0 la condition d\u2019une autre d\u00e9cision du gouvernement qui satisfasse leurs revendications\u00a0\u00bb, a d\u00e9clar\u00e9 le pr\u00e9sident de la F\u00e9d\u00e9ration des chauffeurs de taxi, Mohamed Belkhous, \u00e0 Libert\u00e9.<\/p>\n<p class=\"c7\">Une situation confirm\u00e9e par un chauffeur rencontr\u00e9 \u00e0 la rue Didouche Mourad. \u00ab\u00a0On nous a demand\u00e9 d&rsquo;installer du plexiglas et couvrir les si\u00e8ges, mais beaucoup de confr\u00e8res m&rsquo;arr\u00eatent et me demandent de les enlever, mais moi \u00e7a ne me d\u00e9range pas du tout, bien au contraire, \u00e7a me prot\u00e8ge \u00bb, a-t-il confi\u00e9. Cependant, il aurait aim\u00e9 que \u00abl&rsquo;Etat nous \u00e9quipe de cette s\u00e9paration, car elle co\u00fbte 2400 DA. Cela fait 90 jours qu&rsquo;on n&rsquo;a pas travaill\u00e9\u00bb.<\/p>\n<p class=\"c8\">\u00a0<br \/><strong>Im\u00e8ne AMOKRANE<\/strong><\/p>\n<\/div>\n<div id=\"text_core\" readability=\"112\">\n<p class=\"c6\"><em>A la station de tramway des Fusill\u00e9s, aux Ruisseaux, plusieurs agents portant des gilets jaunes tentent d\u2019assurer la s\u00e9curit\u00e9 mais de\u2026 loin !\u00a0 Ils observant, en effet, les bras crois\u00e9s, l&rsquo;affluence des usagers.<\/em><\/p>\n<p class=\"c7\">A l\u2019heure de la deuxi\u00e8me phase du d\u00e9confinement, le manque de respect des mesures d\u2019hygi\u00e8ne dans les transports en commun inqui\u00e8te les chauffeurs et les receveurs de bus. \u00ab\u00a0La distanciation sociale n&rsquo;est pas respect\u00e9e, on ne peut pas emp\u00eacher les gens de monter dans le bus\u00a0\u00bb, se plaint un chauffeur de l&rsquo;ETUSA. C&rsquo;est d&rsquo;ailleurs l&rsquo;avis de beaucoup d&rsquo;autres employ\u00e9s de l&rsquo;entreprise nationale des transports, qui n&rsquo;ont pas manqu\u00e9 d&rsquo;exprimer leur inqui\u00e9tude face \u00e0 cette situation.<\/p>\n<p class=\"c7\">A la station de l&rsquo;ETUSA du 1er Mai, le guichet de vente de tickets est ferm\u00e9. Les usagers sont contraints de solliciter, \u00e0 chaque fois, les chauffeurs de bus pour connaitre la destination.<\/p>\n<p class=\"c7\">Un jeune m\u00e9decin g\u00e9n\u00e9raliste, rencontr\u00e9 sur place, tire la sonnette d\u2019alarme\u00a0: \u00ab\u00a0les citoyens ne semblent pas prendre au s\u00e9rieux la menace du virus, car je vois les gens se comporter dans l\u2019espace public comme s\u2019il n\u2019y avait pas de crise sanitaire \u00bb.<\/p>\n<p class=\"c7\">Un autre t\u00e9moin, un homme dans la cinquantaine, flanqu\u00e9 sous un abribus, s\u2019emporte : \u00ab je ne suis plus rassur\u00e9 de prendre les transports en commun, les mesures de s\u00e9curit\u00e9 sanitaires ne sont pas respect\u00e9es. Des passagers se permettent m\u00eame de retirer leurs bavettes \u00e0 l&rsquo;int\u00e9rieur des bus pourtant bond\u00e9s de monde !\u00a0\u00bb<br \/>\u00a0<\/p>\n<p class=\"c7\">M\u00eame constat \u00e0 la station de tramway des Fusill\u00e9s, aux Ruisseaux. Plusieurs agents portant des gilets jaunes tentent d\u2019assurer la s\u00e9curit\u00e9, mais de\u2026 loin\u00a0! \u00a0Ils observant, en effet, les bras crois\u00e9s, l&rsquo;affluence des usagers. Malgr\u00e9 le dispositif de sensibilisation et de distanciation d\u00e9ploy\u00e9 par SETRAM, les conditions de protection sanitaire sont encore loin d\u2019\u00eatre r\u00e9unies.<\/p>\n<p class=\"c7\">\u00ab\u00a0 Voyez-vous, personne ne respecte les consignes, mais malheureusement je suis oblig\u00e9e de me rendre \u00e0 mon travail par tram\u00a0\u00bb, s\u2019indigne une fonctionnaire, \u00a0ajoutant que si elle pouvait se permettre d\u2019emprunter un VTC (voiture de transport avec chauffeur) ou un taxi, \u00a0elle l\u2019aurait fait, \u00ab\u00a0mais leur tarification reste \u00e9lev\u00e9e pour les petites bourses\u00a0\u00bb.<\/p>\n<p><iframe loading=\"lazy\" allow=\"accelerometer; autoplay; encrypted-media; gyroscope; picture-in-picture\" allowfullscreen=\"\" frameborder=\"0\" height=\"315\" src=\"https:\/\/www.youtube.com\/embed\/KVvhs4pmJvE\" width=\"560\">[embedded content]<\/iframe><\/p>\n<p>Quant aux taxis, \u00ab\u00a0Les chauffeurs ne veulent reprendre l\u2019activit\u00e9 qu\u2019\u00e0 la condition d\u2019une autre d\u00e9cision du gouvernement qui satisfasse leurs revendications\u00a0\u00bb, a d\u00e9clar\u00e9 le pr\u00e9sident de la F\u00e9d\u00e9ration des chauffeurs de taxi, Mohamed Belkhous, \u00e0 Libert\u00e9.<\/p>\n<p class=\"c7\">Une situation confirm\u00e9e par un chauffeur rencontr\u00e9 \u00e0 la rue Didouche Mourad. \u00ab\u00a0On nous a demand\u00e9 d&rsquo;installer du plexiglas et couvrir les si\u00e8ges, mais beaucoup de confr\u00e8res m&rsquo;arr\u00eatent et me demandent de les enlever, mais moi \u00e7a ne me d\u00e9range pas du tout, bien au contraire, \u00e7a me prot\u00e8ge \u00bb, a-t-il confi\u00e9. Cependant, il aurait aim\u00e9 que \u00abl&rsquo;Etat nous \u00e9quipe de cette s\u00e9paration, car elle co\u00fbte 2400 DA. Cela fait 90 jours qu&rsquo;on n&rsquo;a pas travaill\u00e9\u00bb.<\/p>\n<p class=\"c8\">\u00a0<br \/><strong>Im\u00e8ne AMOKRANE<\/strong><\/p>\n<\/div>\n<p>Auteur:<br \/>\n<a href=\"https:\/\/www.liberte-algerie.com\/actualite\/video-les-transports-en-commun-a-lheure-du-deconfinement-340726\">Cliquez ici pour lire l&rsquo;article depuis sa source.<\/a><\/p>\n","protected":false},"excerpt":{"rendered":"<p>A la station de tramway des Fusill\u00e9s, aux Ruisseaux, plusieurs agents portant des gilets jaunes tentent d\u2019assurer la s\u00e9curit\u00e9 mais de\u2026 loin !\u00a0 Ils observant, en effet, les bras crois\u00e9s, l&rsquo;affluence des usagers. A l\u2019heure de la deuxi\u00e8me phase du d\u00e9confinement, le manque de respect des mesures d\u2019hygi\u00e8ne dans les transports en commun inqui\u00e8te les [&hellip;]<\/p>\n","protected":false},"author":1742,"featured_media":0,"comment_status":"closed","ping_status":"closed","sticky":false,"template":"","format":"standard","meta":{"fifu_image_url":"","fifu_image_alt":"","footnotes":""},"categories":[73,53],"tags":[],"class_list":["post-89734","post","type-post","status-publish","format-standard","hentry","category-actualite","category-algerie"],"_links":{"self":[{"href":"https:\/\/linitiative.ca\/International\/wp-json\/wp\/v2\/posts\/89734","targetHints":{"allow":["GET"]}}],"collection":[{"href":"https:\/\/linitiative.ca\/International\/wp-json\/wp\/v2\/posts"}],"about":[{"href":"https:\/\/linitiative.ca\/International\/wp-json\/wp\/v2\/types\/post"}],"author":[{"embeddable":true,"href":"https:\/\/linitiative.ca\/International\/wp-json\/wp\/v2\/users\/1742"}],"replies":[{"embeddable":true,"href":"https:\/\/linitiative.ca\/International\/wp-json\/wp\/v2\/comments?post=89734"}],"version-history":[{"count":0,"href":"https:\/\/linitiative.ca\/International\/wp-json\/wp\/v2\/posts\/89734\/revisions"}],"wp:attachment":[{"href":"https:\/\/linitiative.ca\/International\/wp-json\/wp\/v2\/media?parent=89734"}],"wp:term":[{"taxonomy":"category","embeddable":true,"href":"https:\/\/linitiative.ca\/International\/wp-json\/wp\/v2\/categories?post=89734"},{"taxonomy":"post_tag","embeddable":true,"href":"https:\/\/linitiative.ca\/International\/wp-json\/wp\/v2\/tags?post=89734"}],"curies":[{"name":"wp","href":"https:\/\/api.w.org\/{rel}","templated":true}]}}