{"id":89738,"date":"2020-06-22T10:31:06","date_gmt":"2020-06-22T14:31:06","guid":{"rendered":"https:\/\/linitiative.ca\/International\/mucem-fondation-jardin-majorelle-un-accord-dedie-au-patrimoine-berbere\/"},"modified":"2020-06-22T10:31:06","modified_gmt":"2020-06-22T14:31:06","slug":"mucem-fondation-jardin-majorelle-un-accord-dedie-au-patrimoine-berbere","status":"publish","type":"post","link":"https:\/\/linitiative.ca\/International\/mucem-fondation-jardin-majorelle-un-accord-dedie-au-patrimoine-berbere\/","title":{"rendered":"Mucem\/Fondation Jardin Majorelle: Un accord d\u00e9di\u00e9 au patrimoine berb\u00e8re"},"content":{"rendered":"<div readability=\"35\">\n<p>Marrakech \u2013 Le Mus\u00e9e des Civilisations de l\u2019Europe et de la M\u00e9diterran\u00e9e (Mucem), la Fondation Jardin Majorelle \u00e0 Marrakech et le Mus\u00e9e Yves Saint Laurent \u00e0 Paris ont scell\u00e9 un partenariat privil\u00e9gi\u00e9 afin de mettre en valeur la richesse du patrimoine berb\u00e8re du Maroc.<\/p>\n<\/div>\n<div readability=\"141\">\n<p>Cette collaboration ambitieuse, qui s\u2019inscrit dans le cadre du d\u00e9veloppement d\u2019une politique commune de coop\u00e9ration internationale, s\u2019articulera autour d\u2019une meilleure connaissance, ma\u00eetrise et valorisation du patrimoine berb\u00e8re, indique un communiqu\u00e9 conjoint des parties partenaires.<\/p>\n<p>Ainsi, le Mucem et la Fondation Jardin Majorelle -en partenariat avec le Mus\u00e9e Yves Saint Laurent Paris- vont pouvoir \u00e9changer sur leurs diff\u00e9rents protocoles de conservation, de restauration et d\u2019inventaire de collections, pr\u00e9cise la m\u00eame source.<\/p>\n<p>Et de poursuivre que les trois parties vont, en particulier, collaborer \u00e0 la documentation des objets de leurs collections amazighs respectives, de leur histoire et de leur identification mais aussi partager leurs r\u00e9seaux de ressources.<\/p>\n<p>Des \u00e9changes d\u2019expositions entre les deux Mus\u00e9es sont, par ailleurs, envisag\u00e9s, afin d\u2019explorer la diversit\u00e9 et la richesse de ce patrimoine, \u00e0 Marseille comme \u00e0 Marrakech, rel\u00e8ve le communiqu\u00e9.<\/p>\n<p>Cet accord vise \u00e0 \u00e9tablir et \u00e0 maintenir des liens privil\u00e9gi\u00e9s et durables entre les mus\u00e9es et leurs \u00e9quipes en France et au Maroc, \u00e0 am\u00e9liorer notamment les comp\u00e9tences des professionnels des mus\u00e9es gr\u00e2ce \u00e0 l\u2019\u00e9change de bonnes pratiques et \u00e0 optimiser la mise en \u0153uvre de projets conjoints, souligne le document.<\/p>\n<p>Et de conclure que cette collaboration ambitieuse s\u2019attache ainsi \u00e0 valoriser les patrimoines des deux rives de la M\u00e9diterran\u00e9e.<\/p>\n<p>A noter que la mission du Mucem consiste \u00e0 conserver et \u00e0 pr\u00e9senter au public, en les situant dans leur perspective historique et anthropologique, des biens culturels repr\u00e9sentatifs des arts et civilisations de l\u2019Europe et de la M\u00e9diterran\u00e9e.<\/p>\n<p>Le Mus\u00e9e contribue, par tous moyens scientifiques et culturels, \u00e0 l\u2019\u00e9tude et \u00e0 la connaissance de ces civilisations et soci\u00e9t\u00e9s et \u00e0 l\u2019exploration des liens qui unissent l\u2019Europe et la M\u00e9diterran\u00e9e.<\/p>\n<p>Il participe \u00e0 l\u2019enrichissement et \u00e0 la diffusion de la r\u00e9flexion sur ces questions, inscrit ses activit\u00e9s dans une double perspective de coop\u00e9ration internationale et de d\u00e9veloppement territorial, et m\u00e8ne ainsi des coop\u00e9rations avec la Fondation nationale des Mus\u00e9es du Maroc.<\/p>\n<p>Les collections du Mucem comportent plus d\u2019un millier d\u2019objets marocains, acquis dans le cadre de l\u2019\u00e9largissement du domaine de comp\u00e9tence du mus\u00e9e \u00e0 l\u2019aire m\u00e9diterran\u00e9enne, et tr\u00e8s repr\u00e9sentatifs des grandes cat\u00e9gories de collections conserv\u00e9es par le Mucem dans son ensemble.<\/p>\n<p>Quant \u00e0 la Fondation Jardin Majorelle, elle s\u2019assigne pour mission d\u2019assurer la sauvegarde et le fonctionnement du Jardin Majorelle \u00e0 Marrakech par ses propres ressources.<\/p>\n<p>Par une donation consentie en 2009, le foncier du Jardin Majorelle est devenu la propri\u00e9t\u00e9 de la Fondation Pierre Berg\u00e9 \u2013 Yves Saint Laurent, fondation de droit fran\u00e7ais reconnue d\u2019utilit\u00e9 publique.<\/p>\n<p>Le Jardin Majorelle constitue aujourd\u2019hui l\u2019un des sites culturels majeurs du Maroc ouvert toute l\u2019ann\u00e9e et accueillant de nombreux visiteurs (pr\u00e8s de 1.500.000 en 2019). Il re\u00e7oit en particulier, gratuitement et sur demande, les \u00e9l\u00e8ves de tous les \u00e9tablissements scolaires du pays.<\/p>\n<p>Les profits g\u00e9n\u00e9r\u00e9s par le Jardin Majorelle permettent de soutenir d\u2019autres projets au Maroc par le biais de la Fondation, tels que des actions culturelles, \u00e9ducatives et sociales.<\/p>\n<p>Les ressources du Jardin Majorelle ont permis, en outre, la cr\u00e9ation et l\u2019ouverture du Mus\u00e9e Berb\u00e8re en d\u00e9cembre 2011 et du Mus\u00e9e Yves Saint Laurent en 2017 \u00e0 Marrakech.<\/p>\n<p>Les collections du Mus\u00e9e Berb\u00e8re riches de plus de 3.000 objets sont -en partie- d\u00e9ploy\u00e9es dans l\u2019ancien atelier de peinture de Jacques Majorelle.<\/p>\n<p>Situ\u00e9 au c\u0153ur du Jardin Majorelle, ce Mus\u00e9e Berb\u00e8re, qui pr\u00e9sente un panorama de l\u2019extraordinaire cr\u00e9ativit\u00e9 de la culture amazighe, a pour vocation de conserver et de faire rayonner sa collection \u00e0 travers une politique de valorisation scientifique, comprenant l\u2019exposition des \u0153uvres dans les salles du mus\u00e9e, la programmation d\u2019expositions temporaires, l\u2019organisation de colloques et la publication d\u2019ouvrages scientifiques.<\/p>\n<p>La Fondation Jardin Majorelle envisage, \u00e0 pr\u00e9sent, de donner \u00e0 ses collections une ampleur et une mus\u00e9ographie diff\u00e9rentes, en partenariat avec le Mus\u00e9e Yves Saint Laurent Paris.<\/p>\n<\/div>\n<p>Auteur: Meriem IGASS<br \/>\n<a href=\"http:\/\/www.mapmarrakech.ma\/fr\/mucem-fondation-jardin-majorelle-un-accord-pour-valoriser-le-patrimoine-berbere\/\">Cliquez ici pour lire l&rsquo;article depuis sa source.<\/a><\/p>\n","protected":false},"excerpt":{"rendered":"<p>Marrakech \u2013 Le Mus\u00e9e des Civilisations de l\u2019Europe et de la M\u00e9diterran\u00e9e (Mucem), la Fondation Jardin Majorelle \u00e0 Marrakech et le Mus\u00e9e Yves Saint Laurent \u00e0 Paris ont scell\u00e9 un partenariat privil\u00e9gi\u00e9 afin de mettre en valeur la richesse du patrimoine berb\u00e8re du Maroc. Cette collaboration ambitieuse, qui s\u2019inscrit dans le cadre du d\u00e9veloppement d\u2019une [&hellip;]<\/p>\n","protected":false},"author":1788,"featured_media":0,"comment_status":"closed","ping_status":"closed","sticky":false,"template":"","format":"standard","meta":{"fifu_image_url":"","fifu_image_alt":"","footnotes":""},"categories":[54,76],"tags":[],"class_list":["post-89738","post","type-post","status-publish","format-standard","hentry","category-maroc","category-regions"],"_links":{"self":[{"href":"https:\/\/linitiative.ca\/International\/wp-json\/wp\/v2\/posts\/89738","targetHints":{"allow":["GET"]}}],"collection":[{"href":"https:\/\/linitiative.ca\/International\/wp-json\/wp\/v2\/posts"}],"about":[{"href":"https:\/\/linitiative.ca\/International\/wp-json\/wp\/v2\/types\/post"}],"author":[{"embeddable":true,"href":"https:\/\/linitiative.ca\/International\/wp-json\/wp\/v2\/users\/1788"}],"replies":[{"embeddable":true,"href":"https:\/\/linitiative.ca\/International\/wp-json\/wp\/v2\/comments?post=89738"}],"version-history":[{"count":0,"href":"https:\/\/linitiative.ca\/International\/wp-json\/wp\/v2\/posts\/89738\/revisions"}],"wp:attachment":[{"href":"https:\/\/linitiative.ca\/International\/wp-json\/wp\/v2\/media?parent=89738"}],"wp:term":[{"taxonomy":"category","embeddable":true,"href":"https:\/\/linitiative.ca\/International\/wp-json\/wp\/v2\/categories?post=89738"},{"taxonomy":"post_tag","embeddable":true,"href":"https:\/\/linitiative.ca\/International\/wp-json\/wp\/v2\/tags?post=89738"}],"curies":[{"name":"wp","href":"https:\/\/api.w.org\/{rel}","templated":true}]}}