{"id":89739,"date":"2020-06-22T10:49:16","date_gmt":"2020-06-22T14:49:16","guid":{"rendered":"https:\/\/linitiative.ca\/International\/plus-de-50-000-candidats-aux-epreuves-du-baccalaureat\/"},"modified":"2020-06-22T10:49:16","modified_gmt":"2020-06-22T14:49:16","slug":"plus-de-50-000-candidats-aux-epreuves-du-baccalaureat","status":"publish","type":"post","link":"https:\/\/linitiative.ca\/International\/plus-de-50-000-candidats-aux-epreuves-du-baccalaureat\/","title":{"rendered":"Plus de 50.000 candidats aux \u00e9preuves du baccalaur\u00e9at"},"content":{"rendered":"<div readability=\"35\">\n<p>Marrakech \u2013 Un total de 50.372 candidats passeront la session normale de l\u2019examen national unifi\u00e9 du baccalaur\u00e9at au titre de l\u2019ann\u00e9e scolaire 2019-2020 dans la r\u00e9gion de Marrakech-Safi, a indiqu\u00e9 l\u2019Acad\u00e9mie R\u00e9gionale de la Formation et de l\u2019Education (AREF).<\/p>\n<\/div>\n<div readability=\"88\">\n<p>Ce chiffre repr\u00e9sente une hausse de 2.735 candidats par rapport \u00e0 celui de l\u2019ann\u00e9e pr\u00e9c\u00e9dente, a pr\u00e9cis\u00e9 la m\u00eame source, notant que le nombre des candidates s\u2019\u00e9tablit \u00e0 23.853 (47,35%), selon un communiqu\u00e9 de l\u2019Acad\u00e9mie.<\/p>\n<p>Le nombre de candidats scolaris\u00e9s est de 33.339, dont 3.515 dans le secteur priv\u00e9, alors que les candidats libres se chiffrent \u00e0 13.518.<\/p>\n<p>S\u2019agissant de la r\u00e9partition des candidats sur les huit directions provinciales de l\u2019AREF de Marrakech-Safi, 19.793 \u00e9l\u00e8ves rel\u00e8vent de la pr\u00e9fecture de Marrakech, 9.419 de la province Safi, 5.660 de celle d\u2019El Kel\u00e2a des Sraghna, 4.036 d\u2019Al Haouz, 3.641 d\u2019Essaouira, 3.358 de Rehamna, 2.289 de Chichaoua et 2.176 de Youssoufia.<\/p>\n<p>Le minist\u00e8re de l\u2019Education nationale, de la formation professionnelle, de l\u2019enseignement sup\u00e9rieur et de la recherche scientifique avait annonc\u00e9 que la session ordinaire de l\u2019examen national unifi\u00e9 du baccalaur\u00e9at 2020 se d\u00e9roulera en deux p\u00f4les, \u00e0 savoir les 03 et 04 juillet pour la Litt\u00e9rature et l\u2019enseignement originel et du 06 au 08 juillet pour les Sciences-techniques et le Bac professionnel, alors que les r\u00e9sultats de cette session seront annonc\u00e9s le 15 juillet prochain.<\/p>\n<p>Quant \u00e0 l\u2019examen r\u00e9gional de la premi\u00e8re ann\u00e9e du baccalaur\u00e9at pour les candidats libres, il aura lieu les 1er et 2 juillet.<\/p>\n<p>La session de rattrapage aura lieu du 22 au 24 juillet pour toutes les branches confondues, et les r\u00e9sultats finaux seront annonc\u00e9s au plus tard le 29 juillet.<\/p>\n<p>Par ailleurs, l\u2019AREF de Marrakech-Safi a salu\u00e9 le soutien apport\u00e9 par les autorit\u00e9s locales et les conseils \u00e9lus sur les plans r\u00e9gional, provincial et local, ainsi que par les services r\u00e9gionaux, provinciaux et locaux de la S\u00fbret\u00e9 Nationale, de la Gendarmerie Royale, des Forces Auxiliaires et de la Protection Civile, tout en louant le fort appui de la Direction r\u00e9gionale et des d\u00e9l\u00e9gations provinciales de la sant\u00e9, des autres services ext\u00e9rieurs, des \u00e9tablissements universitaires, des directions de la culture et de la jeunesse et des sports, des m\u00e9dias et de l\u2019ensemble des acteurs et intervenants.<\/p>\n<\/div>\n<p>Auteur: Meriem IGASS<br \/>\n<a href=\"http:\/\/www.mapmarrakech.ma\/fr\/plus-de-50-000-candidats-aux-epreuves-du-baccalaureat\/\">Cliquez ici pour lire l&rsquo;article depuis sa source.<\/a><\/p>\n","protected":false},"excerpt":{"rendered":"<p>Marrakech \u2013 Un total de 50.372 candidats passeront la session normale de l\u2019examen national unifi\u00e9 du baccalaur\u00e9at au titre de l\u2019ann\u00e9e scolaire 2019-2020 dans la r\u00e9gion de Marrakech-Safi, a indiqu\u00e9 l\u2019Acad\u00e9mie R\u00e9gionale de la Formation et de l\u2019Education (AREF). Ce chiffre repr\u00e9sente une hausse de 2.735 candidats par rapport \u00e0 celui de l\u2019ann\u00e9e pr\u00e9c\u00e9dente, a [&hellip;]<\/p>\n","protected":false},"author":1788,"featured_media":0,"comment_status":"closed","ping_status":"closed","sticky":false,"template":"","format":"standard","meta":{"fifu_image_url":"","fifu_image_alt":"","footnotes":""},"categories":[54,76],"tags":[],"class_list":["post-89739","post","type-post","status-publish","format-standard","hentry","category-maroc","category-regions"],"_links":{"self":[{"href":"https:\/\/linitiative.ca\/International\/wp-json\/wp\/v2\/posts\/89739","targetHints":{"allow":["GET"]}}],"collection":[{"href":"https:\/\/linitiative.ca\/International\/wp-json\/wp\/v2\/posts"}],"about":[{"href":"https:\/\/linitiative.ca\/International\/wp-json\/wp\/v2\/types\/post"}],"author":[{"embeddable":true,"href":"https:\/\/linitiative.ca\/International\/wp-json\/wp\/v2\/users\/1788"}],"replies":[{"embeddable":true,"href":"https:\/\/linitiative.ca\/International\/wp-json\/wp\/v2\/comments?post=89739"}],"version-history":[{"count":0,"href":"https:\/\/linitiative.ca\/International\/wp-json\/wp\/v2\/posts\/89739\/revisions"}],"wp:attachment":[{"href":"https:\/\/linitiative.ca\/International\/wp-json\/wp\/v2\/media?parent=89739"}],"wp:term":[{"taxonomy":"category","embeddable":true,"href":"https:\/\/linitiative.ca\/International\/wp-json\/wp\/v2\/categories?post=89739"},{"taxonomy":"post_tag","embeddable":true,"href":"https:\/\/linitiative.ca\/International\/wp-json\/wp\/v2\/tags?post=89739"}],"curies":[{"name":"wp","href":"https:\/\/api.w.org\/{rel}","templated":true}]}}