{"id":89743,"date":"2020-06-22T07:45:11","date_gmt":"2020-06-22T11:45:11","guid":{"rendered":"https:\/\/linitiative.ca\/International\/setif-covid-19-inconscience-des-uns-angoisse-des-autres\/"},"modified":"2020-06-22T07:45:11","modified_gmt":"2020-06-22T11:45:11","slug":"setif-covid-19-inconscience-des-uns-angoisse-des-autres","status":"publish","type":"post","link":"https:\/\/linitiative.ca\/International\/setif-covid-19-inconscience-des-uns-angoisse-des-autres\/","title":{"rendered":"S\u00e9tif\/Covid-19: inconscience des uns, angoisse des autres"},"content":{"rendered":"<div readability=\"37\">\n<p><strong>SETIF- L\u2019inconscience d\u2019une partie de la population dans la wilaya de S\u00e9tif devant l\u2019inqui\u00e9tante recrudescence des cas confirm\u00e9s de coronavirus, tranche singuli\u00e8rement avec l\u2019angoisse de tr\u00e8s nombreux citoyens, impuissants devant l\u2019incurie et la d\u00e9sinvolture de certains de leurs concitoyens.<\/strong><\/p>\n<\/div>\n<div readability=\"118.79434057605\">\n<p>\u00ab\u00a0Dites-moi \u00e0 quoi peut bien servir un masque s\u2019il est pos\u00e9 en dessous du menton\u00a0\u00bb, se d\u00e9sole Cherif, un chauffeur de taxi d\u2019une cinquantaine d\u2019ann\u00e9es. \u00ab\u00a0Moi, j\u2019ai pris soin de respecter \u00e0 la lettre les directives des autorit\u00e9s en d\u00e9sinfectant mon v\u00e9hicule et en installant une plaque de plexiglas pour isoler le client, mais il se trouve des gens qui n\u2019arr\u00eatent pas de triturer leur bavette pour poser ensuite leurs mains sur la banquette\u00a0\u00bb, se lamente Cherif avant de se plaindre des clients \u00ab\u00a0irresponsables\u00a0\u00bb qui ne \u00ab\u00a0supportent pas qu\u2019on leur fasse la moindre remarque\u00a0\u00bb.<\/p>\n<blockquote readability=\"14\">\n<p><em><strong>Ce petit \u00e9change avec un chauffeur de taxi, amen\u00e9 \u00e0 accueillir de nombreux clients quotidiennement, en dit long sur le foss\u00e9 qui s\u00e9pare les personnes responsables, soucieuses de contribuer \u00e0 freiner la propagation du virus, et certains citoyens n\u2019ayant visiblement cure des gestes simples destin\u00e9s, pourtant, \u00e0 les prot\u00e9ger et \u00e0 prot\u00e9ger leur entourage.<\/strong><\/em><\/p>\n<\/blockquote>\n<p>Rappelons, pour prendre l\u2019exemple de la journ\u00e9e du 19 juin dernier, que le Comit\u00e9 scientifique de suivi de l&rsquo;\u00e9volution de la pand\u00e9mie du Coronavirus, avait fait \u00e9tat de l\u2019enregistrement de 119 nouveaux cas confirm\u00e9s de Covid-19 en Alg\u00e9rie dont 25 \u00e0\u00a0 S\u00e9tif, repr\u00e9sentant pr\u00e8s du quart du nombre de ces cas.<\/p>\n<p>Les m\u00e9decins de S\u00e9tif le disent et le redisent chaque jour, qui sur les r\u00e9seaux sociaux, qui sur les ondes de la Radio : \u00ab\u00a0l\u2019indiscipline et le laisser-aller sont, \u00e0 90%, \u00e0 l\u2019origine de l\u2019augmentation des cas de contamination dans notre wilaya\u00a0\u00bb.<\/p>\n<hr\/>\n<h3 class=\"catItemTitle\">Lire aussi:\u00a0<a href=\"\/proxy\/77079a44\/http\/www.aps.dz\/regions\/106469-setif-covid-19-la-commission-du-ministere-de-la-sante-s-enquiert-de-la-situation-epidemiologique\">S\u00e9tif\/Covid-19: la commission du minist\u00e8re de la sant\u00e9 s\u2019enquiert de la situation \u00e9pid\u00e9miologique<\/a><\/h3>\n<hr\/>\n<blockquote readability=\"8\">\n<p><em><strong>Le sp\u00e9cialiste en m\u00e9decine interne, Dr. Kamel Boudoukha rel\u00e8ve qu\u2019 \u00ab\u00a0Il faut nous rendre \u00e0 cette \u00e9vidence que les chiffres grimpent substantiellement \u00e0 chaque fois que les autorit\u00e9s l\u00e2chent un peu de lest\u00a0\u00bb.<\/strong><\/em><\/p>\n<\/blockquote>\n<p>Et d\u2019ajouter : \u00ab\u00a0Cela s\u2019est v\u00e9rifi\u00e9 quelques jours avant le mois de Ramadhan, lorsque certains commer\u00e7ants avaient \u00e9t\u00e9 autoris\u00e9s \u00e0 rouvrir et cela se confirme encore aujourd\u2019hui\u00a0\u00bb.<\/p>\n<p>Pour rappel, le wali de S\u00e9tif avait d\u00e9cid\u00e9, cons\u00e9cutivement \u00e0 la situation \u00e9pid\u00e9miologique, la fermeture de plusieurs locaux commerciaux et nombre de march\u00e9s peu enclins \u00e0 faire respecter les orientations des autorit\u00e9s sanitaires.<\/p>\n<blockquote readability=\"7\">\n<p><em><strong>Des mesures jug\u00e9es \u00ab\u00a0salutaires\u00a0\u00bb par de nombreux s\u00e9tifiens mais \u00ab\u00a0insuffisantes\u00a0\u00bb devant le peu de discipline d\u2019une partie encore importante de citoyens, selon certains autres<\/strong><\/em>.<\/p>\n<\/blockquote>\n<p>Abla G., fonctionnaire \u00e0 Alg\u00e9rie Poste, d\u00e9clare, dans ce contexte, ne pas comprendre que des gens continuent de \u00ab\u00a0s\u2019agglutiner\u00a0\u00bb \u00e7\u00e0 et l\u00e0 en ville, \u00ab\u00a0sans aucun respect des r\u00e8gles de distanciation physique, avec la bavette pos\u00e9e en dessous de la bouche\u00a0\u00bb.<\/p>\n<p>En mati\u00e8re de pr\u00e9vention et de lutte contre le coronavirus, les autorit\u00e9s doivent, selon elle, \u00ab\u00a0passer \u00e0 la vitesse sup\u00e9rieure\u00a0\u00bb en se montrant \u00ab\u00a0davantage intransigeantes\u00a0\u00bb devant chaque incartade.<\/p>\n<blockquote readability=\"11\">\n<p><em><strong>\u00ab\u00a0Comment pouvez-vous interpr\u00e9ter le nombre ahurissant de cort\u00e8ges de mariages constitu\u00e9s de voitures pleines \u00e0 ras bord, sillonnant la ville, tous klaxons dehors, autrement que comme une preuve d\u2019irresponsabilit\u00e9\u00a0\u00bb, s\u2019interroge encore cette dame avec un geste d\u2019impuissance.<\/strong><\/em><\/p>\n<\/blockquote>\n<p>Tout n\u2019est pourtant pas si noir dans cette wilaya : les mesures de distanciation prises \u00e0 bord du tramway de S\u00e9tif, qui circule \u00e0 nouveau depuis jeudi dernier, les dispositions arr\u00eat\u00e9es par de nombreux commer\u00e7ants qui font tout pour faire respecter les r\u00e8gles de prudence, les am\u00e9nagements<\/p>\n<p>op\u00e9r\u00e9s dans les taxis et les bus de transport urbain, ainsi que le port du masque par la plupart des citoyens, sont autant de preuves d\u2019une prise de conscience patente, certes, mais qui gagnerait \u00e0 se g\u00e9n\u00e9raliser en donnant lieu \u00e0 un respect encore plus scrupuleux, par l\u2019ensemble des op\u00e9rateurs,<\/p>\n<p>commer\u00e7ants, clients et usagers, des protocoles sanitaires de pr\u00e9vention d\u00e9di\u00e9s \u00e0 chaque activit\u00e9.<\/p>\n<\/div>\n<p>Auteur:<br \/>\n<a href=\"http:\/\/www.aps.dz\/regions\/106481-setif-covid-19-inconscience-des-uns-angoisse-des-autres\">Cliquez ici pour lire l&rsquo;article depuis sa source.<\/a><\/p>\n","protected":false},"excerpt":{"rendered":"<p>SETIF- L\u2019inconscience d\u2019une partie de la population dans la wilaya de S\u00e9tif devant l\u2019inqui\u00e9tante recrudescence des cas confirm\u00e9s de coronavirus, tranche singuli\u00e8rement avec l\u2019angoisse de tr\u00e8s nombreux citoyens, impuissants devant l\u2019incurie et la d\u00e9sinvolture de certains de leurs concitoyens. \u00ab\u00a0Dites-moi \u00e0 quoi peut bien servir un masque s\u2019il est pos\u00e9 en dessous du menton\u00a0\u00bb, se [&hellip;]<\/p>\n","protected":false},"author":1790,"featured_media":0,"comment_status":"closed","ping_status":"closed","sticky":false,"template":"","format":"standard","meta":{"fifu_image_url":"","fifu_image_alt":"","footnotes":""},"categories":[53,76],"tags":[],"class_list":["post-89743","post","type-post","status-publish","format-standard","hentry","category-algerie","category-regions"],"_links":{"self":[{"href":"https:\/\/linitiative.ca\/International\/wp-json\/wp\/v2\/posts\/89743","targetHints":{"allow":["GET"]}}],"collection":[{"href":"https:\/\/linitiative.ca\/International\/wp-json\/wp\/v2\/posts"}],"about":[{"href":"https:\/\/linitiative.ca\/International\/wp-json\/wp\/v2\/types\/post"}],"author":[{"embeddable":true,"href":"https:\/\/linitiative.ca\/International\/wp-json\/wp\/v2\/users\/1790"}],"replies":[{"embeddable":true,"href":"https:\/\/linitiative.ca\/International\/wp-json\/wp\/v2\/comments?post=89743"}],"version-history":[{"count":0,"href":"https:\/\/linitiative.ca\/International\/wp-json\/wp\/v2\/posts\/89743\/revisions"}],"wp:attachment":[{"href":"https:\/\/linitiative.ca\/International\/wp-json\/wp\/v2\/media?parent=89743"}],"wp:term":[{"taxonomy":"category","embeddable":true,"href":"https:\/\/linitiative.ca\/International\/wp-json\/wp\/v2\/categories?post=89743"},{"taxonomy":"post_tag","embeddable":true,"href":"https:\/\/linitiative.ca\/International\/wp-json\/wp\/v2\/tags?post=89743"}],"curies":[{"name":"wp","href":"https:\/\/api.w.org\/{rel}","templated":true}]}}