{"id":89744,"date":"2020-06-22T07:35:06","date_gmt":"2020-06-22T11:35:06","guid":{"rendered":"https:\/\/linitiative.ca\/International\/chlef-culture-de-larganier-une-experience-pilote-pour-developper-la-filiere-en-algerie\/"},"modified":"2020-06-22T07:35:06","modified_gmt":"2020-06-22T11:35:06","slug":"chlef-culture-de-larganier-une-experience-pilote-pour-developper-la-filiere-en-algerie","status":"publish","type":"post","link":"https:\/\/linitiative.ca\/International\/chlef-culture-de-larganier-une-experience-pilote-pour-developper-la-filiere-en-algerie\/","title":{"rendered":"Chlef : culture de l&rsquo;arganier, une exp\u00e9rience pilote pour d\u00e9velopper la fili\u00e8re en Alg\u00e9rie"},"content":{"rendered":"<div readability=\"36\">\n<p><strong>\u00a0CHLEF- Une exp\u00e9rience pilote pour la culture de l\u2019arganier a \u00e9t\u00e9 lanc\u00e9e par un investisseur priv\u00e9 de la r\u00e9gion \u00ab\u00a0Echott\u00a0\u00bb, dans la commune El Karimia (\u00e0 l\u2019est de Chlef), dans une perspective de\u00a0valorisation et de d\u00e9veloppement de cette fili\u00e8re dans le nord alg\u00e9rien.<\/strong><\/p>\n<\/div>\n<div readability=\"152\">\n<p>L&rsquo;op\u00e9ration, ayant constitu\u00e9 dans la mise en terre de pr\u00e8s de 200 plants d&rsquo;arganiers, vise \u00e0 savoir le iveau d\u2019adaptation de cet arbre au microclimat du sud de Chlef, l\u2019objectif principal \u00e9tant, selon les charg\u00e9s\u00a0de ce projet, de \u00ab\u00a0d\u00e9velopper cette fili\u00e8re dot\u00e9e d\u2019un int\u00e9r\u00eat \u00e9conomique et commercial certain, outre sa contribution \u00e0 la diversification des produits agricoles locaux\u00a0\u00bb, est-il signal\u00e9.<\/p>\n<p>\u00ab\u00a0L&rsquo;id\u00e9e d\u2019investir ce domaine m\u2019est venue suite au constat de l\u2019int\u00e9r\u00eat grandissant des entreprises mondiales pour l\u2019argan qui est exploit\u00e9 dans l\u2019extraction de l\u2019huile et la confection de produits destin\u00e9s aux domaines de l&rsquo;esth\u00e9tique\u00a0\u00bb, a indiqu\u00e9 le porteur du projet Benhalima Selouatchi encourag\u00e9 en cela, a-t-il dit, \u00ab\u00a0par de pr\u00e9c\u00e9dentes exp\u00e9riences r\u00e9ussies dans la culture de plantes et d\u2019arbres exotiques\u00a0\u00bb.<\/p>\n<p>Relatant son parcours, M. Benhalima a particuli\u00e8rement soulign\u00e9 le soutien et l\u2019accompagnement assur\u00e9s par la Conservation des for\u00eats de Chlef, dont il a requis l\u2019aide. Non seulement cette derni\u00e8re (Conservation des for\u00eats) lui a fourni les plants d\u2019arganiers n\u00e9cessit\u00e9s pour son projet, mais \u00e9galement toutes les instructions techniques relatives au d\u00e9veloppement de cet arbre, a assur\u00e9 l\u2019investisseur, tout en se f\u00e9licitant des \u00ab\u00a0bon r\u00e9sultats\u00a0\u00bb obtenus apr\u00e8s plus d\u2019un mois de mise en terre des plants d\u2019arbres, dont le suivi du d\u00e9veloppement est assur\u00e9 par lui, avec une aide de la part de techniciens de la Conservation des for\u00eats.<\/p>\n<p>Selon le constat fait par l\u2019APS au niveau de cette plantation d\u2019arganiers, les arbres sont irrigu\u00e9s par le syst\u00e8me du go\u00fbte \u00e0 go\u00fbte, au moment o\u00f9 l\u2019int\u00e9gration de la pisciculture dans le projet permettra \u00e0 l\u2019investisseur d\u2019\u00e9viter les engrais chimiques et, partant, pr\u00e9server la valeur naturelle de ses produits agricoles, notamment l\u2019argan.<\/p>\n<blockquote readability=\"11\">\n<p><em><strong>\u00ab\u00a0Cette exp\u00e9rience pilote de culture d\u2019arganiers fait partie des plus importantes op\u00e9rations lanc\u00e9es par la Conservation des for\u00eats de Chlef, au titre des initiatives de d\u00e9veloppement de cette fili\u00e8re\u00a0\u00bb, a indiqu\u00e9 \u00e0 l\u2019APS le charg\u00e9 de la communication aupr\u00e8s de la structure, Mohamed Boughalia.<\/strong><\/em><\/p>\n<\/blockquote>\n<p>Il a signal\u00e9 d\u2019autres exp\u00e9riences de moindre importance, tent\u00e9es pr\u00e9c\u00e9demment au niveau de la wilaya \u00e0 partir de 2002, avec la culture de cinq plants d\u2019arganiers, dont l\u2019intensification et la multiplication a\u00a0permis la mise en \u0153uvre d\u2019autres op\u00e9rations similaires entre 2010 et 2016, avant d\u2019arriver \u00e0 la mise en terre en 2019, de 60 plants d\u2019arganiers au niveau d\u2019un p\u00e9rim\u00e8tre agricole mitoyen au chef lieu de wilaya.<\/p>\n<p>Selon des techniciens de la Conservation des for\u00eats, cette ex\u00e9rience, tent\u00e9e \u00e0 El Karimia, augure de \u00ab\u00a0bons r\u00e9sultats\u00a0\u00bb, \u00ab\u00a0ouvrant des perspectives d\u2019avenir pour l\u2019investissement dans la fili\u00e8re\u00a0\u00bb. Soit un objectif en\u00a0conformit\u00e9 avec les recommandations de l\u2019atelier de travail national sur les perspectives de valorisation \u00e9conomique de l\u2019arganier, organis\u00e9 en septembre dernier \u00e0 Adrar.<\/p>\n<p>\u00ab\u00a0Il est imp\u00e9ratif d\u2019\u00e9largir la plantation de l\u2019arganier \u00e0 l\u2019ensemble des wilayas dans le nord du pays, dont le climat est adapt\u00e9 \u00e0 cette culture\u00a0\u00bb, a recommand\u00e9, pour sa part, Abdelhakim Dja\u00e2bout, inspecteur principal \u00e0 la Conservation des for\u00eats, se f\u00e9licitant de l\u2019orientation prise dans ce sens par des investisseurs de la wilaya.<\/p>\n<blockquote readability=\"13\">\n<p><em><strong>Il a fait part de visites r\u00e9guli\u00e8res, r\u00e9alis\u00e9es par ses services, \u00e0 la plantation d\u2019arganiers de l\u2019investisseur Selouatchi pour \u00ab\u00a0suivre le d\u00e9veloppement des arbres, dans cette r\u00e9gion du Sud-est de Chlef, et faire\u00a0la comparaison avec les autres exp\u00e9riences tent\u00e9es pr\u00e9c\u00e9demment dans le nord et le centre de la wilaya\u00a0\u00bb, a-t-il expliqu\u00e9.<\/strong><\/em><\/p>\n<\/blockquote>\n<p>Le coordinateur national de la fili\u00e8re de l\u2019arganier, Ould Safi Mohamed, a assur\u00e9 dans un entretien t\u00e9l\u00e9phonique avec l\u2019APS, que l\u2019exp\u00e9rience de la plantation de l\u2019arganier \u00e0 Chlef \u00ab\u00a0est tr\u00e8s encourageante\u00a0\u00bb, particuli\u00e8rement, a-t-il dit, \u00ab\u00a0eu \u00e9gard au recul constat\u00e9 dans la r\u00e9g\u00e9n\u00e9ration de cet arbre end\u00e9mique de la wilaya de Tindouf, en raison des changements climatiques, ayant touch\u00e9 cette r\u00e9gion notamment\u00a0\u00bb, a-t-il\u00a0observ\u00e9.<\/p>\n<p>Selon les informatisons fournies par M. Ould Safi, l\u2019arganier est un arbre parfaitement adapt\u00e9 aux r\u00e9gions arides et semi-arides. Il peut supporter des temp\u00e9ratures au sol, (et \u00e0 l\u2019ombre), entre 5 \u00e0 50 degr\u00e9s Celsius, et ne n\u00e9cessite pas de gros besoins en eau. G\u00e9n\u00e9ralement, la quantit\u00e9 d\u2019eau n\u00e9cessaire pour un hectare de bl\u00e9 peut suffire pour une vingtaine d\u2019hectares d\u2019arganiers. Cependant les fruits de l\u2019arganier craignent le gel, a-t-il pr\u00e9cis\u00e9.<\/p>\n<p>\u00ab\u00a0La r\u00e9ussite de cette culture est largement d\u00e9pendante d\u2019un micro climat exempt\u00e9 de ce facteur naturel (gel) qui impacte n\u00e9gativement sur le fruit, entre septembre et mai de chaque ann\u00e9e\u00a0\u00bb, a expliqu\u00e9 M. Ould Safi.<\/p>\n<blockquote readability=\"9\">\n<p><em><strong>Il a fait part d\u2019une proposition introduite aupr\u00e8s de la tutelle portant sur un programme pour l\u2019extension de cette culture sur une surface de 5000 ha entre 2020 et 2025. Parall\u00e8lement \u00e0 l\u2019am\u00e9lioration et \u00e0\u00a0l&rsquo;intensification des plants d\u2019arganiers et la formation des repr\u00e9sentants de la fili\u00e8re au niveau de chaque wilaya, aux fins de fournir l\u2019aide technique n\u00e9cessaires aux investisseurs.<\/strong><\/em><\/p>\n<\/blockquote>\n<p>A noter que cet arbre est end\u00e9mique de la wilaya de Tindouf, qui compte pr\u00e8s de 5000 arganiers.\u00a0Son fruit est particuli\u00e8rement recommand\u00e9 pour les\u00a0\u00a0maladies de la peau, les produits esth\u00e9tiques et l\u2019extraction de son huile aux bienfaits multiples.<\/p>\n<\/div>\n<p>Auteur:<br \/>\n<a href=\"http:\/\/www.aps.dz\/regions\/106483-chlef-culture-de-l-arganier-une-experience-pilote-pour-developper-la-filiere-en-algerie\">Cliquez ici pour lire l&rsquo;article depuis sa source.<\/a><\/p>\n","protected":false},"excerpt":{"rendered":"<p>\u00a0CHLEF- Une exp\u00e9rience pilote pour la culture de l\u2019arganier a \u00e9t\u00e9 lanc\u00e9e par un investisseur priv\u00e9 de la r\u00e9gion \u00ab\u00a0Echott\u00a0\u00bb, dans la commune El Karimia (\u00e0 l\u2019est de Chlef), dans une perspective de\u00a0valorisation et de d\u00e9veloppement de cette fili\u00e8re dans le nord alg\u00e9rien. L&rsquo;op\u00e9ration, ayant constitu\u00e9 dans la mise en terre de pr\u00e8s de 200 [&hellip;]<\/p>\n","protected":false},"author":1790,"featured_media":0,"comment_status":"closed","ping_status":"closed","sticky":false,"template":"","format":"standard","meta":{"fifu_image_url":"","fifu_image_alt":"","footnotes":""},"categories":[53,76],"tags":[],"class_list":["post-89744","post","type-post","status-publish","format-standard","hentry","category-algerie","category-regions"],"_links":{"self":[{"href":"https:\/\/linitiative.ca\/International\/wp-json\/wp\/v2\/posts\/89744","targetHints":{"allow":["GET"]}}],"collection":[{"href":"https:\/\/linitiative.ca\/International\/wp-json\/wp\/v2\/posts"}],"about":[{"href":"https:\/\/linitiative.ca\/International\/wp-json\/wp\/v2\/types\/post"}],"author":[{"embeddable":true,"href":"https:\/\/linitiative.ca\/International\/wp-json\/wp\/v2\/users\/1790"}],"replies":[{"embeddable":true,"href":"https:\/\/linitiative.ca\/International\/wp-json\/wp\/v2\/comments?post=89744"}],"version-history":[{"count":0,"href":"https:\/\/linitiative.ca\/International\/wp-json\/wp\/v2\/posts\/89744\/revisions"}],"wp:attachment":[{"href":"https:\/\/linitiative.ca\/International\/wp-json\/wp\/v2\/media?parent=89744"}],"wp:term":[{"taxonomy":"category","embeddable":true,"href":"https:\/\/linitiative.ca\/International\/wp-json\/wp\/v2\/categories?post=89744"},{"taxonomy":"post_tag","embeddable":true,"href":"https:\/\/linitiative.ca\/International\/wp-json\/wp\/v2\/tags?post=89744"}],"curies":[{"name":"wp","href":"https:\/\/api.w.org\/{rel}","templated":true}]}}