{"id":89755,"date":"2020-06-22T07:10:11","date_gmt":"2020-06-22T11:10:11","guid":{"rendered":"https:\/\/linitiative.ca\/International\/les-mesures-communes-dallegement-des-jeudi-25-juin\/"},"modified":"2020-06-22T07:10:11","modified_gmt":"2020-06-22T11:10:11","slug":"les-mesures-communes-dallegement-des-jeudi-25-juin","status":"publish","type":"post","link":"https:\/\/linitiative.ca\/International\/les-mesures-communes-dallegement-des-jeudi-25-juin\/","title":{"rendered":"Les mesures communes d\u2019all\u00e8gement d\u00e8s jeudi 25 juin\u2026"},"content":{"rendered":"<p class=\"rtejustify\"><strong>\u2022 Les mesures communes d\u2019all\u00e8gement d\u00e8s jeudi 25 juin\u2026 <\/strong><\/p>\n<p class=\"rtejustify\">Le Maroc va franchir d\u00e8s jeudi 25 juin une nouvelle \u00e9tape du d\u00e9confinement. Les minist\u00e8res de l\u2019Int\u00e9rieur, de la Sant\u00e9 et de l\u2019Industrie viennent d\u2019annoncer un all\u00e8gement quasi total des mesures de confinement. Ainsi sur le plan national, les caf\u00e9s et les restaurants pourront reprendre le service sur place \u00e0 hauteur de 50% de leur capacit\u00e9. Dans le m\u00eame sens, les activit\u00e9s commerciales dans les centres commerciaux, les malls, les kissariats pourront rouvrir au public sous conditions. M\u00eame chose pour les centres de loisirs et de divertissements (salles de sports, hammams) mais sans d\u00e9passer la limite de 50% de la capacit\u00e9 d&rsquo;accueil. Idem pour les activit\u00e9s li\u00e9es \u00e0 la production audiovisuelle qui vont reprendre. S\u2019ajoute \u00e0 cela, la reprise du transport public entre les villes, ferroviaire ou routier et des vols a\u00e9riens domestiques. M.A.B<\/p>\n<p class=\"rtejustify\"><strong>. \u2022 \u2026Ce qui va changer dans la zone 1\u2026 <\/strong><\/p>\n<p class=\"rtejustify\">Si vous r\u00e9sidez dans la zone 1, il vous sera possible, d\u00e8s jeudi prochain (25 juin), de vous d\u00e9placer entre r\u00e9gions de cette m\u00eame zone sans autorisation. Il suffira d\u2019\u00eatre muni de sa carte d&rsquo;identit\u00e9 \u00e9lectronique. Il sera donc plus facile d\u2019aller \u00e0 la plage puisque les plages de la zone 1 vont \u00eatre rouvertes. Attention cependant au respect de la distanciation sociale. Une mesure \u00e0 appliquer aussi aux terrains de sport de proximit\u00e9 situ\u00e9s en plein air \u00e9galement rouverts dans cette zone. Celle-ci conna\u00eetra \u00e9galement la reprise du tourisme int\u00e9rieur et des \u00e9tablissements touristiques, dans la limite de 50% de la capacit\u00e9 d&rsquo;accueil et de restauration. M.A.B<\/p>\n<p class=\"rtejustify\"><strong>\u00a0\u2022 \u2026Quid de la zone 2\u2026 <\/strong><\/p>\n<p class=\"rtejustify\">D\u00e8s jeudi, les d\u00e9placements seront autoris\u00e9s \u00e0 l&rsquo;int\u00e9rieur de la province ou de la pr\u00e9fecture sans autorisation pr\u00e9alable. Toutefois, cette autorisation reste obligatoire pour quitter la province ou la pr\u00e9fecture. Les commerces, pour leur part, n\u2019auront plus l\u2019obligation de fermer \u00e0 20 h. Parall\u00e8lement, les salons de coiffure et de beaut\u00e9 pourront ouvrir sans d\u00e9passer 50% de la capacit\u00e9. M\u00eame chose pour les parcs et espaces publics de plein air. Ce qui ouvre la voie \u00e0 la pratique d\u2019activit\u00e9s sportives individuelles en plein air. M.A.B.<\/p>\n<p class=\"rtejustify\"><strong>\u2022 \u2026Ce qui reste confin\u00e9 <\/strong><\/p>\n<p class=\"rtejustify\">Toujours pas de d\u00e9confinement pour les mus\u00e9es, les salles de cin\u00e9ma, les th\u00e9\u00e2tres, les piscines collectives publiques. De plus, les rassemblements, les f\u00eates de mariage, les rassemblements lors des fun\u00e9railles&#8230; restent toujours interdits sur le plan national. M.A.B.<\/p>\n<p class=\"rtejustify\"><strong>\u2022 Sondage L\u2019Economiste: Le gouvernement a eu raison de prolonger le confinement <\/strong><\/p>\n<p class=\"rtejustify\">A la question \u00able gouvernement a-t-il eu raison de prolonger le confinement pour certaines provinces?\u00bb le oui l\u2019emporte d\u2019un cheveu. Sur les 3.085 lecteurs de L\u2019Economiste ayant r\u00e9pondu au sondage lanc\u00e9 par le premier quotidien \u00e9conomique du Maroc sur son site internet, pr\u00e8s de 51% d\u2019entre eux ont \u00e9t\u00e9 favorables au prolongement du confinement. Les 49% restants y \u00e9taient contre. M.A.B.<\/p>\n<p class=\"rtejustify\"><strong>\u2022 Reprise des services consulaires fran\u00e7ais<\/strong><\/p>\n<p class=\"rtejustify\">L&rsquo;activit\u00e9 des services consulaires fran\u00e7ais au Maroc reprendra le 29 juin, a annonc\u00e9 l&rsquo;ambassade de France. Il s\u2019agira, dans un premier temps, de ne traiter que les demandes de visa de long s\u00e9jour, et non pas les visas de courte dur\u00e9e, dits Schengen. La reprise des autres activit\u00e9s consulaires se fera progressivement aussi. Elle concernera l\u2019administration des Fran\u00e7ais (passeports), \u00e9tat-civil (naissance- d\u00e9c\u00e8s), sur rendez-vous. Les p\u00f4les sociaux, de leur c\u00f4t\u00e9, sont d\u00e9j\u00e0 op\u00e9rationnels. F.Z.T.<\/p>\n<p><strong>\u2022 Les agences de la CNSS d\u00e9sormais ouvertes au public<\/strong><\/p>\n<p>Les agences de la CNSS accueilleront les assur\u00e9s, \u00e0 partir de ce lundi 22 juin. Pour \u00e9viter la propagation du coronavirus, le nombre de personnes autoris\u00e9es \u00e0 acc\u00e9der \u00e0 la fois \u00e0 l\u2019agence sera limit\u00e9 entre 2 et 5 selon la capacit\u00e9 d\u2019accueil. La CNSS exhorte les assur\u00e9s \u00e0 ne se d\u00e9placer aux agences qu\u2019en cas de n\u00e9cessit\u00e9 imp\u00e9rieuse et \u00e0 privil\u00e9gier les diff\u00e9rents canaux de communication tels que le centre d\u2019appel, le serveur vocal, son portail ou sa page Facebook. Les dossiers des entreprises devront \u00eatre mis dans une grande enveloppe portant le num\u00e9ro CNSS et un num\u00e9ro de t\u00e9l\u00e9phone, puis d\u00e9pos\u00e9s dans une bo\u00eete pr\u00e9vue \u00e0 cet effet \u00e0 l\u2019entr\u00e9e de l\u2019agence. H.E.<\/p>\n<p><strong>\u2022 Auto-\u00e9coles: La r\u00e9ouverture en zone confin\u00e9e report\u00e9e<\/strong><\/p>\n<p>Contrairement \u00e0 l\u2019annonce faite la semaine derni\u00e8re par l\u2019Agence nationale de la s\u00e9curit\u00e9 routi\u00e8re (Narsa), les auto-\u00e9coles situ\u00e9es en zone 2 resteront ferm\u00e9es jusqu\u2019au reclassement de ces r\u00e9gions. Les professionnels devront attendre de nouvelles instructions avant de savoir si leurs activit\u00e9s seront autoris\u00e9es apr\u00e8s l\u2019assouplissement des r\u00e8gles de confinement pr\u00e9vu \u00e0 partir du mercredi 24 juin \u00e0 minuit. H.E.<\/p>\n<p><strong>\u2022 D\u00e9nomination des rues: Rappel \u00e0 l\u2019ordre de Laftit<\/strong><\/p>\n<p>Abdelouafi Laftit, ministre de l\u2019Int\u00e9rieur, vient de diffuser une circulaire aux walis et gouverneurs au sujet de la proc\u00e9dure de d\u00e9nomination des places et voies publiques. La note intervient apr\u00e8s les d\u00e9rives enregistr\u00e9es par certaines communes o\u00f9 des rues ont \u00e9t\u00e9 baptis\u00e9es du nom de th\u00e9oriciens religieux extr\u00e9mistes et les protestations des habitants et des ONG. L\u2019article 118 de la loi organique 113-14, relative aux communes, pr\u00e9cise que la d\u00e9nomination d\u2019une voie publique ne peut \u00eatre mise en oeuvre qu\u2019apr\u00e8s visa du gouverneur. H.E.\u00a0<\/p>\n<p>Auteur: leco_web_admin<br \/>\n<a href=\"https:\/\/www.leconomiste.com\/article\/1063658-les-mesures-communes-d-allegement-des-jeudi-25-juin\">Cliquez ici pour lire l&rsquo;article depuis sa source.<\/a><\/p>\n","protected":false},"excerpt":{"rendered":"<p>\u2022 Les mesures communes d\u2019all\u00e8gement d\u00e8s jeudi 25 juin\u2026 Le Maroc va franchir d\u00e8s jeudi 25 juin une nouvelle \u00e9tape du d\u00e9confinement. Les minist\u00e8res de l\u2019Int\u00e9rieur, de la Sant\u00e9 et de l\u2019Industrie viennent d\u2019annoncer un all\u00e8gement quasi total des mesures de confinement. Ainsi sur le plan national, les caf\u00e9s et les restaurants pourront reprendre le [&hellip;]<\/p>\n","protected":false},"author":1763,"featured_media":0,"comment_status":"closed","ping_status":"closed","sticky":false,"template":"","format":"standard","meta":{"fifu_image_url":"","fifu_image_alt":"","footnotes":""},"categories":[78,54],"tags":[],"class_list":["post-89755","post","type-post","status-publish","format-standard","hentry","category-economie","category-maroc"],"_links":{"self":[{"href":"https:\/\/linitiative.ca\/International\/wp-json\/wp\/v2\/posts\/89755","targetHints":{"allow":["GET"]}}],"collection":[{"href":"https:\/\/linitiative.ca\/International\/wp-json\/wp\/v2\/posts"}],"about":[{"href":"https:\/\/linitiative.ca\/International\/wp-json\/wp\/v2\/types\/post"}],"author":[{"embeddable":true,"href":"https:\/\/linitiative.ca\/International\/wp-json\/wp\/v2\/users\/1763"}],"replies":[{"embeddable":true,"href":"https:\/\/linitiative.ca\/International\/wp-json\/wp\/v2\/comments?post=89755"}],"version-history":[{"count":0,"href":"https:\/\/linitiative.ca\/International\/wp-json\/wp\/v2\/posts\/89755\/revisions"}],"wp:attachment":[{"href":"https:\/\/linitiative.ca\/International\/wp-json\/wp\/v2\/media?parent=89755"}],"wp:term":[{"taxonomy":"category","embeddable":true,"href":"https:\/\/linitiative.ca\/International\/wp-json\/wp\/v2\/categories?post=89755"},{"taxonomy":"post_tag","embeddable":true,"href":"https:\/\/linitiative.ca\/International\/wp-json\/wp\/v2\/tags?post=89755"}],"curies":[{"name":"wp","href":"https:\/\/api.w.org\/{rel}","templated":true}]}}