{"id":89760,"date":"2020-06-22T15:13:11","date_gmt":"2020-06-22T19:13:11","guid":{"rendered":"https:\/\/linitiative.ca\/International\/international-barca-les-catalans-prets-a-lacher-une-pepite\/"},"modified":"2020-06-22T15:13:11","modified_gmt":"2020-06-22T19:13:11","slug":"international-barca-les-catalans-prets-a-lacher-une-pepite","status":"publish","type":"post","link":"https:\/\/linitiative.ca\/International\/international-barca-les-catalans-prets-a-lacher-une-pepite\/","title":{"rendered":"International : Bar\u00e7a : Les Catalans pr\u00eats \u00e0 l\u00e2cher une p\u00e9pite"},"content":{"rendered":"<div readability=\"32\">\n<p>Auteur : <span class=\"time\">lundi 22 juin 2020 13:30<\/span><\/p>\n<\/div>\n<div id=\"post_core\" readability=\"48\">\n<p>Pr\u00eat\u00e9 un an \u00e0 Getafe par le Bar\u00e7a, le milieu de terrain dispose d&rsquo;une option d&rsquo;achat fix\u00e9e \u00e0 6 millions d&rsquo;euros que Getafe aimerait lever avant le 30 juin, avant que Cucurella ne retourne en Catalogne. Si l&rsquo;option d&rsquo;achat n&rsquo;est pas lev\u00e9e, il reste une solution \u00e0 Getafe, payer la clause lib\u00e9ratoire de Cucurella. Une clause bien plus \u00e9lev\u00e9e et qui ferait le bonheur de Barcelone dans ce dossier.<\/p>\n<p>Actuellement cinqui\u00e8me de la Liga \u00e0 quatre points de S\u00e9ville, Getafe r\u00e9alise une tr\u00e8s belle saison et compte bien accroch\u00e9 les places europ\u00e9ennes. Getafe pourrait attendre de voir si le club se qualifie pour les places europ\u00e9ennes et s&rsquo;il s&rsquo;agit de la Ligue Europa ou de la Ligue des Champions. Selon son classement, Getafe aura plus ou moins un gros budget, Barcelone doit donc esp\u00e8re une grosse fin de saison pour que les Madril\u00e8nes puissent faire sauter la clause lib\u00e9ratoire pr\u00e9sente dans le contrat du joueur de 21 ans. Selon Onzemondial, elle est fix\u00e9e \u00e0 18 millions d&rsquo;euros.<\/p>\n<p><strong>Publi\u00e9 dans :<\/strong> <span>bar\u00e7a<\/span><\/p>\n<\/div>\n<p>Auteur:<br \/>\n<a href=\"http:\/\/www.lebuteur.com\/article\/detail?titre=barca-les-catalans-prets-a-lacher-une-pepite&#038;id=96349&#038;utm_source=feedburner&#038;utm_medium=feed&#038;utm_campaign=Feed%3A+GalerieFArtciles+%28Les+derniers+articles++-+lebuteur.com%29\">Cliquez ici pour lire l&rsquo;article depuis sa source.<\/a><\/p>\n","protected":false},"excerpt":{"rendered":"<p>Auteur : lundi 22 juin 2020 13:30 Pr\u00eat\u00e9 un an \u00e0 Getafe par le Bar\u00e7a, le milieu de terrain dispose d&rsquo;une option d&rsquo;achat fix\u00e9e \u00e0 6 millions d&rsquo;euros que Getafe aimerait lever avant le 30 juin, avant que Cucurella ne retourne en Catalogne. Si l&rsquo;option d&rsquo;achat n&rsquo;est pas lev\u00e9e, il reste une solution \u00e0 Getafe, [&hellip;]<\/p>\n","protected":false},"author":1738,"featured_media":89761,"comment_status":"closed","ping_status":"closed","sticky":false,"template":"","format":"standard","meta":{"fifu_image_url":"","fifu_image_alt":"","footnotes":""},"categories":[53,75],"tags":[],"class_list":["post-89760","post","type-post","status-publish","format-standard","has-post-thumbnail","hentry","category-algerie","category-sport"],"_links":{"self":[{"href":"https:\/\/linitiative.ca\/International\/wp-json\/wp\/v2\/posts\/89760","targetHints":{"allow":["GET"]}}],"collection":[{"href":"https:\/\/linitiative.ca\/International\/wp-json\/wp\/v2\/posts"}],"about":[{"href":"https:\/\/linitiative.ca\/International\/wp-json\/wp\/v2\/types\/post"}],"author":[{"embeddable":true,"href":"https:\/\/linitiative.ca\/International\/wp-json\/wp\/v2\/users\/1738"}],"replies":[{"embeddable":true,"href":"https:\/\/linitiative.ca\/International\/wp-json\/wp\/v2\/comments?post=89760"}],"version-history":[{"count":0,"href":"https:\/\/linitiative.ca\/International\/wp-json\/wp\/v2\/posts\/89760\/revisions"}],"wp:featuredmedia":[{"embeddable":true,"href":"https:\/\/linitiative.ca\/International\/wp-json\/"}],"wp:attachment":[{"href":"https:\/\/linitiative.ca\/International\/wp-json\/wp\/v2\/media?parent=89760"}],"wp:term":[{"taxonomy":"category","embeddable":true,"href":"https:\/\/linitiative.ca\/International\/wp-json\/wp\/v2\/categories?post=89760"},{"taxonomy":"post_tag","embeddable":true,"href":"https:\/\/linitiative.ca\/International\/wp-json\/wp\/v2\/tags?post=89760"}],"curies":[{"name":"wp","href":"https:\/\/api.w.org\/{rel}","templated":true}]}}