{"id":89764,"date":"2020-06-22T15:13:14","date_gmt":"2020-06-22T19:13:14","guid":{"rendered":"https:\/\/linitiative.ca\/International\/pros-premiere-consecration-pour-benrahma-apres-son-retour-a-la-competition\/"},"modified":"2020-06-22T15:13:14","modified_gmt":"2020-06-22T19:13:14","slug":"pros-premiere-consecration-pour-benrahma-apres-son-retour-a-la-competition","status":"publish","type":"post","link":"https:\/\/linitiative.ca\/International\/pros-premiere-consecration-pour-benrahma-apres-son-retour-a-la-competition\/","title":{"rendered":"Pros : Premi\u00e8re cons\u00e9cration pour Benrahma apr\u00e8s son retour \u00e0 la comp\u00e9tition"},"content":{"rendered":"<div readability=\"32\">\n<p>Auteur : <span>Riad O<\/span> <span class=\"time\">lundi 22 juin 2020 19:32<\/span><\/p>\n<\/div>\n<div id=\"post_core\" readability=\"38\">\n<p>Et une autre cons\u00e9cration individuelle pour l\u2019attaquant alg\u00e9rien de Brentford, Sa\u00efd Benrahma apr\u00e8s la reprise de la championship. Auteur d\u2019une prestation de premi\u00e8re classe avec son team face \u00e0 Fulham, avec \u00e0 la cl\u00e9 un but et une pass\u00e9 d\u00e9cisive, le joueur de l\u2019EN fait parti de l\u2019\u00e9quipe-type de la journ\u00e9e en championship.<\/p>\n<p><strong>Publi\u00e9 dans :<\/strong> <span>Benrahma<\/span><\/p>\n<\/div>\n<p>Auteur:<br \/>\n<a href=\"http:\/\/www.lebuteur.com\/article\/detail?titre=premiere-consecration-pour-benrahma-apres-son-retour-a-la-competition&#038;id=96351&#038;utm_source=feedburner&#038;utm_medium=feed&#038;utm_campaign=Feed%3A+GalerieFArtciles+%28Les+derniers+articles++-+lebuteur.com%29\">Cliquez ici pour lire l&rsquo;article depuis sa source.<\/a><\/p>\n","protected":false},"excerpt":{"rendered":"<p>Auteur : Riad O lundi 22 juin 2020 19:32 Et une autre cons\u00e9cration individuelle pour l\u2019attaquant alg\u00e9rien de Brentford, Sa\u00efd Benrahma apr\u00e8s la reprise de la championship. Auteur d\u2019une prestation de premi\u00e8re classe avec son team face \u00e0 Fulham, avec \u00e0 la cl\u00e9 un but et une pass\u00e9 d\u00e9cisive, le joueur de l\u2019EN fait parti [&hellip;]<\/p>\n","protected":false},"author":1738,"featured_media":89765,"comment_status":"closed","ping_status":"closed","sticky":false,"template":"","format":"standard","meta":{"fifu_image_url":"","fifu_image_alt":"","footnotes":""},"categories":[53,75],"tags":[],"class_list":["post-89764","post","type-post","status-publish","format-standard","has-post-thumbnail","hentry","category-algerie","category-sport"],"_links":{"self":[{"href":"https:\/\/linitiative.ca\/International\/wp-json\/wp\/v2\/posts\/89764","targetHints":{"allow":["GET"]}}],"collection":[{"href":"https:\/\/linitiative.ca\/International\/wp-json\/wp\/v2\/posts"}],"about":[{"href":"https:\/\/linitiative.ca\/International\/wp-json\/wp\/v2\/types\/post"}],"author":[{"embeddable":true,"href":"https:\/\/linitiative.ca\/International\/wp-json\/wp\/v2\/users\/1738"}],"replies":[{"embeddable":true,"href":"https:\/\/linitiative.ca\/International\/wp-json\/wp\/v2\/comments?post=89764"}],"version-history":[{"count":0,"href":"https:\/\/linitiative.ca\/International\/wp-json\/wp\/v2\/posts\/89764\/revisions"}],"wp:featuredmedia":[{"embeddable":true,"href":"https:\/\/linitiative.ca\/International\/wp-json\/"}],"wp:attachment":[{"href":"https:\/\/linitiative.ca\/International\/wp-json\/wp\/v2\/media?parent=89764"}],"wp:term":[{"taxonomy":"category","embeddable":true,"href":"https:\/\/linitiative.ca\/International\/wp-json\/wp\/v2\/categories?post=89764"},{"taxonomy":"post_tag","embeddable":true,"href":"https:\/\/linitiative.ca\/International\/wp-json\/wp\/v2\/tags?post=89764"}],"curies":[{"name":"wp","href":"https:\/\/api.w.org\/{rel}","templated":true}]}}