{"id":89766,"date":"2020-06-22T15:13:15","date_gmt":"2020-06-22T19:13:15","guid":{"rendered":"https:\/\/linitiative.ca\/International\/equipe-dalgerie-ouaddou-felicite-bougherra\/"},"modified":"2020-06-22T15:13:15","modified_gmt":"2020-06-22T19:13:15","slug":"equipe-dalgerie-ouaddou-felicite-bougherra","status":"publish","type":"post","link":"https:\/\/linitiative.ca\/International\/equipe-dalgerie-ouaddou-felicite-bougherra\/","title":{"rendered":"Equipe d&rsquo;Alg\u00e9rie : Ouaddou f\u00e9licite Bougherra"},"content":{"rendered":"<div readability=\"32\">\n<p>Auteur : <span>Riad O<\/span> <span class=\"time\">lundi 22 juin 2020 19:34<\/span><\/p>\n<\/div>\n<div id=\"post_core\" readability=\"40\">\n<p>L\u2019ancien d\u00e9fenseur international marocain, Abdeslam Ouaddou n\u2019a pas tard\u00e9 \u00e0 r\u00e9agir apr\u00e8s la nomination de Madjid Bougherra au poste de s\u00e9lectionneur de l\u2019EN des locaux. Via son compte Twitter, celui qui devait \u00eatre pr\u00e9sent dans le staff de Belmadi lors du stage du mois de mars dernier, a \u00e9crit\u00a0:\u00a0\u00abBravo \u00e0 la FAF pour cette nouvelle nomination de Madjid Bougherra \u00e0 la t\u00eate de l&rsquo;\u00e9quipe nationale A&rsquo;\u00a0 (locaux). L&rsquo;Alg\u00e9rie mise sur ses cadres Alg\u00e9riens.\u00a0 Une tr\u00e8s bonne nouvelle pour le football Alg\u00e9rien et africain.\u00bb Voila qui devrait faire plaisir \u00e0 la FAF et \u00e0 Bougherra.<\/p>\n<p><strong>Publi\u00e9 dans :<\/strong> <span>Ouaddou f\u00e9licite Bougherra<\/span><\/p>\n<\/div>\n<p>Auteur:<br \/>\n<a href=\"http:\/\/www.lebuteur.com\/article\/detail?titre=ouaddou-felicite-bougherra&#038;id=96352&#038;utm_source=feedburner&#038;utm_medium=feed&#038;utm_campaign=Feed%3A+GalerieFArtciles+%28Les+derniers+articles++-+lebuteur.com%29\">Cliquez ici pour lire l&rsquo;article depuis sa source.<\/a><\/p>\n","protected":false},"excerpt":{"rendered":"<p>Auteur : Riad O lundi 22 juin 2020 19:34 L\u2019ancien d\u00e9fenseur international marocain, Abdeslam Ouaddou n\u2019a pas tard\u00e9 \u00e0 r\u00e9agir apr\u00e8s la nomination de Madjid Bougherra au poste de s\u00e9lectionneur de l\u2019EN des locaux. Via son compte Twitter, celui qui devait \u00eatre pr\u00e9sent dans le staff de Belmadi lors du stage du mois de mars [&hellip;]<\/p>\n","protected":false},"author":1738,"featured_media":89767,"comment_status":"closed","ping_status":"closed","sticky":false,"template":"","format":"standard","meta":{"fifu_image_url":"","fifu_image_alt":"","footnotes":""},"categories":[53,75],"tags":[],"class_list":["post-89766","post","type-post","status-publish","format-standard","has-post-thumbnail","hentry","category-algerie","category-sport"],"_links":{"self":[{"href":"https:\/\/linitiative.ca\/International\/wp-json\/wp\/v2\/posts\/89766","targetHints":{"allow":["GET"]}}],"collection":[{"href":"https:\/\/linitiative.ca\/International\/wp-json\/wp\/v2\/posts"}],"about":[{"href":"https:\/\/linitiative.ca\/International\/wp-json\/wp\/v2\/types\/post"}],"author":[{"embeddable":true,"href":"https:\/\/linitiative.ca\/International\/wp-json\/wp\/v2\/users\/1738"}],"replies":[{"embeddable":true,"href":"https:\/\/linitiative.ca\/International\/wp-json\/wp\/v2\/comments?post=89766"}],"version-history":[{"count":0,"href":"https:\/\/linitiative.ca\/International\/wp-json\/wp\/v2\/posts\/89766\/revisions"}],"wp:featuredmedia":[{"embeddable":true,"href":"https:\/\/linitiative.ca\/International\/wp-json\/"}],"wp:attachment":[{"href":"https:\/\/linitiative.ca\/International\/wp-json\/wp\/v2\/media?parent=89766"}],"wp:term":[{"taxonomy":"category","embeddable":true,"href":"https:\/\/linitiative.ca\/International\/wp-json\/wp\/v2\/categories?post=89766"},{"taxonomy":"post_tag","embeddable":true,"href":"https:\/\/linitiative.ca\/International\/wp-json\/wp\/v2\/tags?post=89766"}],"curies":[{"name":"wp","href":"https:\/\/api.w.org\/{rel}","templated":true}]}}