{"id":89768,"date":"2020-06-21T19:00:00","date_gmt":"2020-06-21T23:00:00","guid":{"rendered":"https:\/\/linitiative.ca\/International\/projet-de-loi-instituant-le-8-mai-journee-nationale-de-la-memoire-les-deputes-plaident-pour-la-criminalisation-du-colonialisme\/"},"modified":"2020-06-21T19:00:00","modified_gmt":"2020-06-21T23:00:00","slug":"projet-de-loi-instituant-le-8-mai-journee-nationale-de-la-memoire-les-deputes-plaident-pour-la-criminalisation-du-colonialisme","status":"publish","type":"post","link":"https:\/\/linitiative.ca\/International\/projet-de-loi-instituant-le-8-mai-journee-nationale-de-la-memoire-les-deputes-plaident-pour-la-criminalisation-du-colonialisme\/","title":{"rendered":"Projet de loi instituant le 8 mai Journ\u00e9e nationale de la m\u00e9moire  : Les d\u00e9put\u00e9s plaident pour la criminalisation du colonialisme"},"content":{"rendered":"<p>M. Zitouni a d\u00e9clar\u00e9 que le projet de loi \u00abvise \u00e0 pr\u00e9server l\u2019h\u00e9ritage sacr\u00e9 de nos martyrs, dont nous avons le devoir de pr\u00e9server l\u2019esprit et de sauvegarder l\u2019essence pour les futures g\u00e9n\u00e9rations\u00bb. Le ministre a r\u00e9it\u00e9r\u00e9 l\u2019appel \u00e0 l\u2019attachement aux valeurs de la R\u00e9volution. \u00abIl est de notre devoir de nous attacher aux nobles valeurs et aux id\u00e9aux que nous avons \u0153uvr\u00e9 \u00e0 inculquer dans la conscience par des efforts visant \u00e0 prot\u00e9ger la m\u00e9moire de la nation et son h\u00e9ritage historique et culturel li\u00e9 \u00e0 la r\u00e9sistance populaire, au mouvement national et \u00e0 la glorieuse R\u00e9volution du 1er Novembre\u00bb.<br \/>M. Zitouni a rappel\u00e9 que le 8 mai 1945 est l\u2019une des dates les plus sombres de l\u2019histoire de la colonisation. En pleine c\u00e9l\u00e9bration de la fin de la Seconde Guerre mondiale, la France perp\u00e9trait l\u2019un des plus grands massacres du XXe si\u00e8cle en r\u00e9primant dans le sang des populations civiles, dit-il. Les d\u00e9put\u00e9s ont rappel\u00e9 \u00abla n\u00e9cessit\u00e9 de lever le gel sur le projet de loi sur la criminalisation de la colonisation\u00bb. Hakim Berri a regrett\u00e9 le blocage de ce projet depuis des ann\u00e9es. Il souligne que des associations b\u00e9n\u00e9ficient de l\u2019aide de l\u2019Etat et que leur action se limite \u00e0 organiser des festivit\u00e9s folkloriques sans r\u00e9el impact.<br \/>Le d\u00e9put\u00e9 ajoute que des c\u00e9r\u00e9monies sont organis\u00e9es uniquement en pr\u00e9sence des officiels et que les citoyens ne se sont que peu concern\u00e9s par l\u2019histoire. Lakhdar Benkhellaf de l\u2019Union Ennahda-Bina et Adala, a estim\u00e9 que ce projet \u00abconstitue le premier pas d\u2019un long chemin sur la voie du parach\u00e8vement de l&rsquo;ind\u00e9pendance et la construction de la nouvelle Alg\u00e9rie\u00bb ce qui ne se r\u00e9alisera pas \u00absans une r\u00e9elle volont\u00e9 politique d\u2019examen de la proposition de loi criminalisant le colonialisme\u00bb. \u00abLe dossier de la m\u00e9moire constitue le seul et vrai test \u00e0 l&rsquo;aune duquel se mesure l&rsquo;attachement effectif des autorit\u00e9s publiques \u00e0 exiger la reconnaissance officielle de l\u2019ancien colonisateur de ses crimes et barbaries\u00bb, est-il indiqu\u00e9.<br \/>Lyes Saadi du Front de lib\u00e9ration nationale estime que le projet \u00abest un pas courageux, r\u00e9fl\u00e9chi et absolument n\u00e9cessaire pour imposer le respect de l\u2019Etat alg\u00e9rien et mettre l\u2019histoire de notre pays au centre des pr\u00e9occupations des d\u00e9cideurs\u00bb. Le d\u00e9put\u00e9 a demand\u00e9 \u00e0 ce que des productions d\u00e9di\u00e9s \u00e0 l\u2019histoire de la R\u00e9volution soient inscrites dans les grilles des programmes des m\u00e9dias audiovisuels\u00bb. Nasser Hamdadouche du Mouvement de la soci\u00e9t\u00e9 pour la paix a appel\u00e9 au lancement d\u2019une cha\u00eene de t\u00e9l\u00e9vision consacr\u00e9e \u00e0 l\u2019histoire ce qui constituera un support pour le syst\u00e8me \u00e9ducatif et pour maintenir vivace l\u2019esprit de la R\u00e9volution pour les g\u00e9n\u00e9rations futures.<br \/><strong>\u00a0\u00a0\u00a0 Tahar Ka\u00efdi<\/strong><br \/>\u00a0<\/p>\n<p>Auteur: elmoudjahid<br \/>\n<a href=\"http:\/\/www.elmoudjahid.com\/fr\/actualites\/155320\">Cliquez ici pour lire l&rsquo;article depuis sa source.<\/a><\/p>\n","protected":false},"excerpt":{"rendered":"<p>M. Zitouni a d\u00e9clar\u00e9 que le projet de loi \u00abvise \u00e0 pr\u00e9server l\u2019h\u00e9ritage sacr\u00e9 de nos martyrs, dont nous avons le devoir de pr\u00e9server l\u2019esprit et de sauvegarder l\u2019essence pour les futures g\u00e9n\u00e9rations\u00bb. Le ministre a r\u00e9it\u00e9r\u00e9 l\u2019appel \u00e0 l\u2019attachement aux valeurs de la R\u00e9volution. \u00abIl est de notre devoir de nous attacher aux nobles [&hellip;]<\/p>\n","protected":false},"author":1744,"featured_media":0,"comment_status":"closed","ping_status":"closed","sticky":false,"template":"","format":"standard","meta":{"fifu_image_url":"","fifu_image_alt":"","footnotes":""},"categories":[73,53],"tags":[],"class_list":["post-89768","post","type-post","status-publish","format-standard","hentry","category-actualite","category-algerie"],"_links":{"self":[{"href":"https:\/\/linitiative.ca\/International\/wp-json\/wp\/v2\/posts\/89768","targetHints":{"allow":["GET"]}}],"collection":[{"href":"https:\/\/linitiative.ca\/International\/wp-json\/wp\/v2\/posts"}],"about":[{"href":"https:\/\/linitiative.ca\/International\/wp-json\/wp\/v2\/types\/post"}],"author":[{"embeddable":true,"href":"https:\/\/linitiative.ca\/International\/wp-json\/wp\/v2\/users\/1744"}],"replies":[{"embeddable":true,"href":"https:\/\/linitiative.ca\/International\/wp-json\/wp\/v2\/comments?post=89768"}],"version-history":[{"count":0,"href":"https:\/\/linitiative.ca\/International\/wp-json\/wp\/v2\/posts\/89768\/revisions"}],"wp:attachment":[{"href":"https:\/\/linitiative.ca\/International\/wp-json\/wp\/v2\/media?parent=89768"}],"wp:term":[{"taxonomy":"category","embeddable":true,"href":"https:\/\/linitiative.ca\/International\/wp-json\/wp\/v2\/categories?post=89768"},{"taxonomy":"post_tag","embeddable":true,"href":"https:\/\/linitiative.ca\/International\/wp-json\/wp\/v2\/tags?post=89768"}],"curies":[{"name":"wp","href":"https:\/\/api.w.org\/{rel}","templated":true}]}}