{"id":89771,"date":"2020-06-21T19:00:00","date_gmt":"2020-06-21T23:00:00","guid":{"rendered":"https:\/\/linitiative.ca\/International\/enregistrement-sonore-pas-de-liberte-provisoire-pour-halfaia-et-saadaoui\/"},"modified":"2020-06-21T19:00:00","modified_gmt":"2020-06-21T23:00:00","slug":"enregistrement-sonore-pas-de-liberte-provisoire-pour-halfaia-et-saadaoui","status":"publish","type":"post","link":"https:\/\/linitiative.ca\/International\/enregistrement-sonore-pas-de-liberte-provisoire-pour-halfaia-et-saadaoui\/","title":{"rendered":"Enregistrement sonore  : pas de libert\u00e9 provisoire pour Halfa\u00efa et Sa\u00e2daoui"},"content":{"rendered":"<p>Le directeur g\u00e9n\u00e9ral de l&rsquo;ES S\u00e9tif, Fahd Halfaia, et le manager de joueurs Nassim Sa\u00e2daoui, plac\u00e9s sous mandat de d\u00e9p\u00f4t dans l&rsquo;affaire de trucage pr\u00e9sum\u00e9 de matchs, fuit\u00e9 par un enregistrement sonore, ont vu leur demande de mise en libert\u00e9 provisoire rejet\u00e9e par la Chambre d&rsquo;accusation de la Cour d&rsquo;Alger, a appris l&rsquo;APS hier aupr\u00e8s d&rsquo;une source proche du dossier. La Chambre d&rsquo;accusation a confirm\u00e9 la d\u00e9cision initiale prise par le juge d\u2019instruction de la premi\u00e8re chambre, le 7 juin, lors de la comparution des deux accus\u00e9s au niveau du tribunal de Sidi M&rsquo;hamed (Alger). Sa\u00e2daoui est accus\u00e9 d&rsquo;atteinte \u00e0 la libert\u00e9 d\u2019autrui, diffamation et enregistrement d\u2019appel t\u00e9l\u00e9phonique sans consentement, alors que Halfaia est accus\u00e9 de trucage de matchs.\u00a0\u00a0\u00a0 \u00a0<br \/>Selon le procureur de la R\u00e9publique pr\u00e8s le tribunal de Sidi M&rsquo;hamed, les deux hommes encourent une peine allant de 2 \u00e0 10 ans d&#8217;emprisonnement.\u00a0\u00a0<br \/>\u00a0<\/p>\n<p>Auteur: elmoudjahid<br \/>\n<a href=\"http:\/\/www.elmoudjahid.com\/fr\/actualites\/155323\">Cliquez ici pour lire l&rsquo;article depuis sa source.<\/a><\/p>\n","protected":false},"excerpt":{"rendered":"<p>Le directeur g\u00e9n\u00e9ral de l&rsquo;ES S\u00e9tif, Fahd Halfaia, et le manager de joueurs Nassim Sa\u00e2daoui, plac\u00e9s sous mandat de d\u00e9p\u00f4t dans l&rsquo;affaire de trucage pr\u00e9sum\u00e9 de matchs, fuit\u00e9 par un enregistrement sonore, ont vu leur demande de mise en libert\u00e9 provisoire rejet\u00e9e par la Chambre d&rsquo;accusation de la Cour d&rsquo;Alger, a appris l&rsquo;APS hier aupr\u00e8s [&hellip;]<\/p>\n","protected":false},"author":1744,"featured_media":0,"comment_status":"closed","ping_status":"closed","sticky":false,"template":"","format":"standard","meta":{"fifu_image_url":"","fifu_image_alt":"","footnotes":""},"categories":[73,53],"tags":[],"class_list":["post-89771","post","type-post","status-publish","format-standard","hentry","category-actualite","category-algerie"],"_links":{"self":[{"href":"https:\/\/linitiative.ca\/International\/wp-json\/wp\/v2\/posts\/89771","targetHints":{"allow":["GET"]}}],"collection":[{"href":"https:\/\/linitiative.ca\/International\/wp-json\/wp\/v2\/posts"}],"about":[{"href":"https:\/\/linitiative.ca\/International\/wp-json\/wp\/v2\/types\/post"}],"author":[{"embeddable":true,"href":"https:\/\/linitiative.ca\/International\/wp-json\/wp\/v2\/users\/1744"}],"replies":[{"embeddable":true,"href":"https:\/\/linitiative.ca\/International\/wp-json\/wp\/v2\/comments?post=89771"}],"version-history":[{"count":0,"href":"https:\/\/linitiative.ca\/International\/wp-json\/wp\/v2\/posts\/89771\/revisions"}],"wp:attachment":[{"href":"https:\/\/linitiative.ca\/International\/wp-json\/wp\/v2\/media?parent=89771"}],"wp:term":[{"taxonomy":"category","embeddable":true,"href":"https:\/\/linitiative.ca\/International\/wp-json\/wp\/v2\/categories?post=89771"},{"taxonomy":"post_tag","embeddable":true,"href":"https:\/\/linitiative.ca\/International\/wp-json\/wp\/v2\/tags?post=89771"}],"curies":[{"name":"wp","href":"https:\/\/api.w.org\/{rel}","templated":true}]}}