{"id":89772,"date":"2020-06-21T19:00:00","date_gmt":"2020-06-21T23:00:00","guid":{"rendered":"https:\/\/linitiative.ca\/International\/oum-el-bouaghi-le-p-apc-de-ksar-sbihi-et-son-adjoint-suspendus-de-leurs-fonctions\/"},"modified":"2020-06-21T19:00:00","modified_gmt":"2020-06-21T23:00:00","slug":"oum-el-bouaghi-le-p-apc-de-ksar-sbihi-et-son-adjoint-suspendus-de-leurs-fonctions","status":"publish","type":"post","link":"https:\/\/linitiative.ca\/International\/oum-el-bouaghi-le-p-apc-de-ksar-sbihi-et-son-adjoint-suspendus-de-leurs-fonctions\/","title":{"rendered":"Oum El-Bouaghi  : Le P\/APC de Ksar Sbihi et son adjoint, suspendus  de leurs fonctions"},"content":{"rendered":"<div class=\"TxArtcile\" readability=\"16\">\n<p>Le wali d\u2019Oum El Bouaghi a suspendu, \u00e0 titre conservatoire, le pr\u00e9sident de l&rsquo;Assembl\u00e9e populaire communale (P\/APS) de Ksar Sbihi et son adjoint cons\u00e9cutivement aux poursuites judiciaires dont ils font l&rsquo;objet et leur placement sous contr\u00f4le judiciaire, ont indiqu\u00e9 hier les services de la wilaya.<br \/>La d\u00e9cision du wali, Zinedine Tibourtine, intervient suite \u00e0 \u00abune notification de poursuite judiciaire\u00bb \u00e9manant du procureur g\u00e9n\u00e9ral pr\u00e8s la Cour de Oum El Bouaghi et conform\u00e9ment \u00e0 l&rsquo;article 43 du code communal, a pr\u00e9cis\u00e9 la m\u00eame source.<br \/>\u00a0<\/p>\n<\/div>\n<div class=\"ModliArtilUne\">\n<ul>\n<li><strong>Publi\u00e9 dans :<\/strong><\/li>\n<\/ul>\n<\/div>\n<div class=\"MbComIns\" id=\"newcom\" readability=\"5.6940298507463\">\n<h6>DONNEZ VOTRE AVIS<\/h6>\n<p>Il n&rsquo;y a actuellement aucune r\u00e9action \u00e0 cette information. Soyez le premier \u00e0 r\u00e9agir !<\/p>\n<p><a href=\"\" rel=\"#popup\" class=\"login resetbutton\">Identifiez-vous<\/a><a class=\"button\" href=\"http:\/\/www.elmoudjahid.com\/fr\/inscription\/\"><span>S&rsquo;inscrire<\/span><\/a><\/p>\n<\/div>\n<p>Auteur: elmoudjahid<br \/>\n<a href=\"http:\/\/www.elmoudjahid.com\/fr\/actualites\/155324\">Cliquez ici pour lire l&rsquo;article depuis sa source.<\/a><\/p>\n","protected":false},"excerpt":{"rendered":"<p>Le wali d\u2019Oum El Bouaghi a suspendu, \u00e0 titre conservatoire, le pr\u00e9sident de l&rsquo;Assembl\u00e9e populaire communale (P\/APS) de Ksar Sbihi et son adjoint cons\u00e9cutivement aux poursuites judiciaires dont ils font l&rsquo;objet et leur placement sous contr\u00f4le judiciaire, ont indiqu\u00e9 hier les services de la wilaya.La d\u00e9cision du wali, Zinedine Tibourtine, intervient suite \u00e0 \u00abune notification [&hellip;]<\/p>\n","protected":false},"author":1744,"featured_media":0,"comment_status":"closed","ping_status":"closed","sticky":false,"template":"","format":"standard","meta":{"fifu_image_url":"","fifu_image_alt":"","footnotes":""},"categories":[73,53],"tags":[],"class_list":["post-89772","post","type-post","status-publish","format-standard","hentry","category-actualite","category-algerie"],"_links":{"self":[{"href":"https:\/\/linitiative.ca\/International\/wp-json\/wp\/v2\/posts\/89772","targetHints":{"allow":["GET"]}}],"collection":[{"href":"https:\/\/linitiative.ca\/International\/wp-json\/wp\/v2\/posts"}],"about":[{"href":"https:\/\/linitiative.ca\/International\/wp-json\/wp\/v2\/types\/post"}],"author":[{"embeddable":true,"href":"https:\/\/linitiative.ca\/International\/wp-json\/wp\/v2\/users\/1744"}],"replies":[{"embeddable":true,"href":"https:\/\/linitiative.ca\/International\/wp-json\/wp\/v2\/comments?post=89772"}],"version-history":[{"count":0,"href":"https:\/\/linitiative.ca\/International\/wp-json\/wp\/v2\/posts\/89772\/revisions"}],"wp:attachment":[{"href":"https:\/\/linitiative.ca\/International\/wp-json\/wp\/v2\/media?parent=89772"}],"wp:term":[{"taxonomy":"category","embeddable":true,"href":"https:\/\/linitiative.ca\/International\/wp-json\/wp\/v2\/categories?post=89772"},{"taxonomy":"post_tag","embeddable":true,"href":"https:\/\/linitiative.ca\/International\/wp-json\/wp\/v2\/tags?post=89772"}],"curies":[{"name":"wp","href":"https:\/\/api.w.org\/{rel}","templated":true}]}}