{"id":89773,"date":"2020-06-22T08:16:03","date_gmt":"2020-06-22T12:16:03","guid":{"rendered":"https:\/\/linitiative.ca\/International\/106484-coronavirus-les-gerants-des-salles-de-sport-impatients-de-reprendre-leurs-activites\/"},"modified":"2020-06-22T08:16:03","modified_gmt":"2020-06-22T12:16:03","slug":"106484-coronavirus-les-gerants-des-salles-de-sport-impatients-de-reprendre-leurs-activites","status":"publish","type":"post","link":"https:\/\/linitiative.ca\/International\/106484-coronavirus-les-gerants-des-salles-de-sport-impatients-de-reprendre-leurs-activites\/","title":{"rendered":"Coronavirus : les g\u00e9rants des salles de sport impatients de reprendre leurs activit\u00e9s  \u00a0"},"content":{"rendered":"<div readability=\"38\">\n<p><strong>ALGER &#8211; Les g\u00e9rants des salles de sport, contraints \u00e0 un arr\u00eat complet depuis plus de trois mois en raison de la pand\u00e9mie du nouveau coronavirus (Covid-19), s&rsquo;impatientent de recevoir le feu vert des autorit\u00e9s pour reprendre leurs activit\u00e9s, tout en promettant de respecter scrupuleusement les mesures pr\u00e9ventives.<\/strong><\/p>\n<\/div>\n<div readability=\"138.5\">\n<p>Interpell\u00e9s par l&rsquo;APS, plusieurs d&rsquo;entre eux ont exprim\u00e9 leurs inqui\u00e9tudes par rapport \u00e0 cette situation qui n&rsquo;arrange pas leurs affaires. S&rsquo;ils disent adh\u00e9rer aux mesures d\u00e9cid\u00e9es par le gouvernement pour contrecarrer le Covid-19, ces g\u00e9rants font face \u00e0 une \u00ab\u00a0asphyxie financi\u00e8re\u00a0\u00bb en l&rsquo;absence de revenus.<\/p>\n<p>Riyad Khalfi, g\u00e9rant de la salle Maya gym \u00e0 Husse\u00efn-Dey (Alger), affirme :<\/p>\n<blockquote readability=\"10\">\n<p><em><strong>\u00ab\u00a0J&#8217;emploie dix personnes et, sinc\u00e8rement, je ne sais pas comment les payer car nous n&rsquo;avons enregistr\u00e9 aucune rentr\u00e9e financi\u00e8re depuis presque quatre mois. Je me demande aussi si le fisc tiendra compte du caract\u00e8re particulier de la situation et nous dispensera d&rsquo;imp\u00f4ts pour ladite p\u00e9riode\u00a0\u00bb.<\/strong><\/em><\/p>\n<\/blockquote>\n<p>Interrog\u00e9 sur les dispositions pr\u00e9ventives n\u00e9cessaires, il a expliqu\u00e9 avoir proc\u00e9d\u00e9 \u00e0 un tra\u00e7age sur le sol de sa salle pour respecter la distanciation r\u00e9glementaire d&rsquo;un m\u00e8tre carr\u00e9 entre chaque adh\u00e9rent, outre la r\u00e9duction du nombre habituel des abonn\u00e9s.<\/p>\n<p>De son c\u00f4t\u00e9, Mourad Cha\u00efb, le g\u00e9rant de la salle Mira fitness, a indiqu\u00e9 qu&rsquo;il re\u00e7oit quotidiennement de nombreux appels t\u00e9l\u00e9phoniques \u00e9manant de ses abonn\u00e9s qui, apr\u00e8s pr\u00e8s de quatre mois, \u00ab\u00a0commencent \u00e0 s&rsquo;impatienter tout autant de reprendre l&rsquo;activit\u00e9\u00a0\u00bb, avant d&rsquo;assurer que \u00ab\u00a0les redevances fiscales et les factures d&rsquo;\u00e9lectricit\u00e9 ne repr\u00e9sentent pas vraiment un probl\u00e8me\u00a0\u00bb pour lui.<\/p>\n<blockquote readability=\"10\">\n<p><em><strong>\u00ab\u00a0Tout ce que je veux, c&rsquo;est reprendre mon activit\u00e9. D&rsquo;ailleurs, je me suis d\u00e9j\u00e0 pr\u00e9par\u00e9 pour la reprise et tout ce que j&rsquo;attends d\u00e9sormais, c&rsquo;est le feu vert des autorit\u00e9s comp\u00e9tentes pour passer \u00e0 l&rsquo;action\u00a0\u00bb.<\/strong><\/em><\/p>\n<\/blockquote>\n<p>Comme pour le premier, le g\u00e9rant de cette salle a assur\u00e9 avoir pris toutes les mesures n\u00e9cessaires pour garantir une reprise saine \u00e0 ses clients, allant jusqu&rsquo;\u00e0 l&rsquo;utilisation du thermom\u00e8tre pour un contr\u00f4le r\u00e9gulier de leur temp\u00e9rature corporelle.<\/p>\n<p>Mourad Cha\u00efb a promis \u00e9galement de r\u00e9duire consid\u00e9rablement le nombre de ses abonn\u00e9s \u00e0 la reprise car, selon lui, \u00ab\u00a0la salle n&rsquo;admettra d\u00e9sormais que 30 \u00e0 40 athl\u00e8tes, avec toutes les mesures d&rsquo;hygi\u00e8ne n\u00e9cessaires, notamment le gel hydroalcoolique et la d\u00e9sinfection du mat\u00e9riel de travail.<\/p>\n<p>\u00ab\u00a0M\u00eame si les autorit\u00e9s comp\u00e9tentes d\u00e9cident de nous imposer d&rsquo;autres mesures pr\u00e9ventives pour \u00e9viter tout risque de contamination au coronavirus, nous les appliquerons \u00e0 la lettre, car nous sommes tout autant soucieux de la sant\u00e9 de nos clients\u00a0\u00bb, a-t-il encore tenu \u00e0 souligner.<\/p>\n<p><strong>Campagne sur le net<\/strong><\/p>\n<p>Pour sa part, Ayoub Ziane, le g\u00e9rant de la salle Power gym, sise \u00e0 Kouba et sp\u00e9cialis\u00e9e en arts martiaux, a beaucoup plus attitr\u00e9 l&rsquo;attention sur les r\u00e9percussions de l&rsquo;arr\u00eat complet de l&rsquo;activit\u00e9 pendant plus de trois mois sur son gagne-pain et celui de ses employ\u00e9s.<\/p>\n<blockquote readability=\"11\">\n<p><em><strong>\u00ab\u00a0Je veux attirer l&rsquo;attention sur l&rsquo;\u00e9tat critique dans lequel nous nous trouvons actuellement, particuli\u00e8rement sur le plan financier, car il s&rsquo;agit de notre seul et unique gagne-pain, et cela fait maintenant plusieurs mois que nous n&rsquo;avons enregistr\u00e9 aucune rentr\u00e9e d&rsquo;argent\u00a0\u00bb, s&rsquo;est-il alarm\u00e9.<\/strong><\/em><\/p>\n<\/blockquote>\n<p>Ziane a plaid\u00e9 au passage pour des r\u00e9unions avec les autorit\u00e9s comp\u00e9tentes pour sortir avec des mesures qui arrangent tout le monde, vu le caract\u00e8re particulier de la situation.<\/p>\n<p>Selon le coach Filali Na\u00efmi, entra\u00eeneur-formateur de kung fu wushu \u00e0 Tlemcen, \u00ab\u00a0les \u00e9l\u00e8ves ont pris un s\u00e9rieux coup au moral, alors que personnellement, j&rsquo;ai beaucoup plus souffert sur le plan financier du fait que cela fait pr\u00e8s de quatre mois que je suis pratiquement sans le moindre revenu\u00a0\u00bb.<\/p>\n<p>Un arr\u00eat d&rsquo;autant plus fatal pour Filali Na\u00efmi qui est locataire de quatre salles diff\u00e9rentes, sises dans les communes de Bouhenak, Imama, Hennaya et Nedrouma, et dont les revenus de chacune d&rsquo;entre elles lui \u00e9taient indispensables pour pouvoir joindre les deux bouts.<\/p>\n<blockquote readability=\"12\">\n<p><em><strong>\u00ab\u00a0Sinc\u00e8rement, je ne sais pas si je vais trouver un compromis avec les propri\u00e9taires de ces salles car je dois verser un loyer \u00e0 chacun d&rsquo;entre eux et cela fait pr\u00e8s de quatre mois que je suis sans revenus. J&rsquo;esp\u00e8re qu&rsquo;ils seront compr\u00e9hensifs et tiendront compte de ma situation, car autrement, je ne sais pas quoi faire\u00a0\u00bb, a-t-il dit.<\/strong><\/em><\/p>\n<\/blockquote>\n<p>Les \u00e9tablissements sportifs ont ferm\u00e9 leurs portes en mars dernier sur l&rsquo;ensemble du territoire national\u00a0 par mesure de pr\u00e9vention face \u00e0 l&rsquo;expansion du nouveau coronavirus.<\/p>\n<p>Pris \u00e0 la gorge, surtout sur le plan financier, les g\u00e9rants de plusieurs salles de sport, du fitness au cardio, en passant par l&rsquo;halt\u00e9rophilie, les arts martiaux et le body-building, ont lanc\u00e9 une campagne via les r\u00e9seaux sociaux (\u00ab\u00a0Tous pour la r\u00e9ouverture des salles de sport\u00a0\u00bb) et sont toujours dans l&rsquo;attente de jours meilleurs.<\/p>\n<\/div>\n<p>Auteur:<br \/>\n<a href=\"http:\/\/www.aps.dz\/sport\/106484-coronavirus-les-gerants-des-salles-de-sport-impatients-de-reprendre-leurs-activites?utm_source=feedburner&#038;utm_medium=feed&#038;utm_campaign=Feed%3A+aps-sport+%28APS+-+SPORT%29\">Cliquez ici pour lire l&rsquo;article depuis sa source.<\/a><\/p>\n","protected":false},"excerpt":{"rendered":"<p>ALGER &#8211; Les g\u00e9rants des salles de sport, contraints \u00e0 un arr\u00eat complet depuis plus de trois mois en raison de la pand\u00e9mie du nouveau coronavirus (Covid-19), s&rsquo;impatientent de recevoir le feu vert des autorit\u00e9s pour reprendre leurs activit\u00e9s, tout en promettant de respecter scrupuleusement les mesures pr\u00e9ventives. Interpell\u00e9s par l&rsquo;APS, plusieurs d&rsquo;entre eux ont [&hellip;]<\/p>\n","protected":false},"author":1790,"featured_media":0,"comment_status":"closed","ping_status":"closed","sticky":false,"template":"","format":"standard","meta":{"fifu_image_url":"","fifu_image_alt":"","footnotes":""},"categories":[53,75],"tags":[],"class_list":["post-89773","post","type-post","status-publish","format-standard","hentry","category-algerie","category-sport"],"_links":{"self":[{"href":"https:\/\/linitiative.ca\/International\/wp-json\/wp\/v2\/posts\/89773","targetHints":{"allow":["GET"]}}],"collection":[{"href":"https:\/\/linitiative.ca\/International\/wp-json\/wp\/v2\/posts"}],"about":[{"href":"https:\/\/linitiative.ca\/International\/wp-json\/wp\/v2\/types\/post"}],"author":[{"embeddable":true,"href":"https:\/\/linitiative.ca\/International\/wp-json\/wp\/v2\/users\/1790"}],"replies":[{"embeddable":true,"href":"https:\/\/linitiative.ca\/International\/wp-json\/wp\/v2\/comments?post=89773"}],"version-history":[{"count":0,"href":"https:\/\/linitiative.ca\/International\/wp-json\/wp\/v2\/posts\/89773\/revisions"}],"wp:attachment":[{"href":"https:\/\/linitiative.ca\/International\/wp-json\/wp\/v2\/media?parent=89773"}],"wp:term":[{"taxonomy":"category","embeddable":true,"href":"https:\/\/linitiative.ca\/International\/wp-json\/wp\/v2\/categories?post=89773"},{"taxonomy":"post_tag","embeddable":true,"href":"https:\/\/linitiative.ca\/International\/wp-json\/wp\/v2\/tags?post=89773"}],"curies":[{"name":"wp","href":"https:\/\/api.w.org\/{rel}","templated":true}]}}