{"id":89777,"date":"2020-06-22T12:50:00","date_gmt":"2020-06-22T16:50:00","guid":{"rendered":"https:\/\/linitiative.ca\/International\/oran-78-milliards-pour-le-developpement-des-zones-dombre\/"},"modified":"2020-06-22T12:50:00","modified_gmt":"2020-06-22T16:50:00","slug":"oran-78-milliards-pour-le-developpement-des-zones-dombre","status":"publish","type":"post","link":"https:\/\/linitiative.ca\/International\/oran-78-milliards-pour-le-developpement-des-zones-dombre\/","title":{"rendered":"ORAN : 78 milliards pour le d\u00e9veloppement des zones d\u2019ombre"},"content":{"rendered":"<p><br id=\"sep_para_1\" class=\"sep_para access\"\/><\/p>\n<div id=\"para_1\" class=\"para_37542952 resize\">\n<div class=\"texte access firstletter\">Le premier responsable de la wilaya a visit\u00e9\u00a0 les douars de Hessasna, Djfafela, Chouacha dans la commune de Mers El Hadjadj\u00a0 ainsi que les localit\u00e9s de Gourine , \u00e0 Arzew, Guessaiba \u00e0 Sidi Ben Yebka et Ben Melouka \u00e0 Gdyel pour s&rsquo;enqu\u00e9rir des diff\u00e9rents projets de d\u00e9veloppement en cours de r\u00e9alisation. Poursuivant son p\u00e9riple \u00e0 travers les zones d\u2019ombre, Mr Djellaoui Abdelkader\u2019 ,s\u2019est entretenu avec les membres de la soci\u00e9t\u00e9 civile pour prendre en consid\u00e9ration leurs dol\u00e9ances, tout en \u00e9tant \u00e0 l&rsquo;\u00e9coute des habitants de ces localit\u00e9s. Notons que\u00a0 plusieurs points ont \u00e9t\u00e9 d\u00e9battus , dont diff\u00e9rents projets de d\u00e9veloppement enregistr\u00e9s et qui sont aux nombres de 502\u00a0 dont 198 devaient \u00eatre lanc\u00e9s ce mois de juin \u00e0 savoir :\u00a0 l\u2019AEP, l\u2019assainissement, la voirie l&rsquo;\u00e9clairage public constituent les pr\u00e9occupations majeures des citoyens dans ces r\u00e9gions. En ce sens, le wali\u00a0 a exhort\u00e9 les responsables locaux \u00e0 proc\u00e9der\u00a0 \u00e0 un recensement global des zones d&rsquo;ombre o\u00f9 vivent des citoyens. A Oran, deux ateliers ont \u00e9t\u00e9 organis\u00e9s pour le recensement et la prise en charge des points noirs dans le secteur de \u2018l\u2019\u00e9ducation notamment le chauffage dans les \u00e9coles, les cantines scolaires, le transport scolaire , la r\u00e9habilitation des \u00e9coles et le d\u00e9veloppement local. Le chef de l&rsquo;ex\u00e9cutif a donn\u00e9 des directives aux directeurs de l\u2019ex\u00e9cutif de redoubler d&rsquo;efforts et d&rsquo;intensifier les sorties sur les terrains, et ce, en coordination avec les autorit\u00e9s locales et les comit\u00e9s de quartiers et des villages, afin de mieux r\u00e9pondre \u00e0 toutes les pr\u00e9occupations et lacunes enregistr\u00e9es dans les zones d&rsquo;ombre. Ainsi, quatre commissions ont \u00e9t\u00e9 install\u00e9es en f\u00e9vrier par le wali d\u2019Oran pour inspecter et identifier les points noirs au niveau des zones d\u2019ombre. Dans ces zones , les facilit\u00e9s doivent \u00eatre aussi accord\u00e9es\u00a0 aux entreprises r\u00e9alisant des projets de d\u00e9veloppement . A ce titre,\u00a0 instruction a \u00e9t\u00e9 donn\u00e9e pour le raccordement de ces zones d\u2019ombres \u00ab en \u00e9nergie \u00e9lectrique ,et l\u2019ach\u00e8vement du projet de r\u00e9alisation des\u00a0 \u00e9tablissements scolaires relevant du secteur de\u00a0 l&rsquo;\u00e9ducation et le transport des \u00e9coliers des zones d\u00e9senclav\u00e9es et\u00a0 la n\u00e9cessit\u00e9 de raccordement des diff\u00e9rents logements sociaux \u00e0 divers r\u00e9seaux, n\u2019est pas en reste. L\u2019occasion a \u00e9t\u00e9 propice pour les habitants de soulever leurs pr\u00e9occupations majeures au premier\u00a0 responsable de la wilaya.<\/div>\n<\/div>\n<p>Auteur: Medjadji H.<br \/>\n<a href=\"https:\/\/www.reflexiondz.net\/ORAN-78-milliards-pour-le-developpement-des-zones-d-ombre_a63526.html\">Cliquez ici pour lire l&rsquo;article depuis sa source.<\/a><\/p>\n","protected":false},"excerpt":{"rendered":"<p>Le premier responsable de la wilaya a visit\u00e9\u00a0 les douars de Hessasna, Djfafela, Chouacha dans la commune de Mers El Hadjadj\u00a0 ainsi que les localit\u00e9s de Gourine , \u00e0 Arzew, Guessaiba \u00e0 Sidi Ben Yebka et Ben Melouka \u00e0 Gdyel pour s&rsquo;enqu\u00e9rir des diff\u00e9rents projets de d\u00e9veloppement en cours de r\u00e9alisation. Poursuivant son p\u00e9riple \u00e0 [&hellip;]<\/p>\n","protected":false},"author":1740,"featured_media":0,"comment_status":"closed","ping_status":"closed","sticky":false,"template":"","format":"standard","meta":{"fifu_image_url":"","fifu_image_alt":"","footnotes":""},"categories":[53,76],"tags":[],"class_list":["post-89777","post","type-post","status-publish","format-standard","hentry","category-algerie","category-regions"],"_links":{"self":[{"href":"https:\/\/linitiative.ca\/International\/wp-json\/wp\/v2\/posts\/89777","targetHints":{"allow":["GET"]}}],"collection":[{"href":"https:\/\/linitiative.ca\/International\/wp-json\/wp\/v2\/posts"}],"about":[{"href":"https:\/\/linitiative.ca\/International\/wp-json\/wp\/v2\/types\/post"}],"author":[{"embeddable":true,"href":"https:\/\/linitiative.ca\/International\/wp-json\/wp\/v2\/users\/1740"}],"replies":[{"embeddable":true,"href":"https:\/\/linitiative.ca\/International\/wp-json\/wp\/v2\/comments?post=89777"}],"version-history":[{"count":0,"href":"https:\/\/linitiative.ca\/International\/wp-json\/wp\/v2\/posts\/89777\/revisions"}],"wp:attachment":[{"href":"https:\/\/linitiative.ca\/International\/wp-json\/wp\/v2\/media?parent=89777"}],"wp:term":[{"taxonomy":"category","embeddable":true,"href":"https:\/\/linitiative.ca\/International\/wp-json\/wp\/v2\/categories?post=89777"},{"taxonomy":"post_tag","embeddable":true,"href":"https:\/\/linitiative.ca\/International\/wp-json\/wp\/v2\/tags?post=89777"}],"curies":[{"name":"wp","href":"https:\/\/api.w.org\/{rel}","templated":true}]}}