{"id":89787,"date":"2020-06-22T06:35:00","date_gmt":"2020-06-22T10:35:00","guid":{"rendered":"https:\/\/linitiative.ca\/International\/macron-fera-t-il-un-geste-en-faveur-du-tourisme-tunisien\/"},"modified":"2020-06-22T06:35:00","modified_gmt":"2020-06-22T10:35:00","slug":"macron-fera-t-il-un-geste-en-faveur-du-tourisme-tunisien","status":"publish","type":"post","link":"https:\/\/linitiative.ca\/International\/macron-fera-t-il-un-geste-en-faveur-du-tourisme-tunisien\/","title":{"rendered":"Macron fera-t-il un geste en faveur du tourisme tunisien ?"},"content":{"rendered":"<p>Un coup de pouce salutaire pour le tourisme tunisien sera-t-il donn\u00e9 cet apr\u00e8s-midi lors de la conf\u00e9rence de presse conjointe que tiendront les pr\u00e9sidents Macron et Sa\u00efed \u00e0 l\u2019issue de leurs entretiens\u00a0? Fran\u00e7ais et Tunisiens y seront fort attentifs, tant la parole macronienne sera d\u00e9cisive. Il lui sera certes difficile de r\u00e9\u00e9diter l\u2019appel lanc\u00e9 depuis l\u2019\u00c9lys\u00e9e par son pr\u00e9d\u00e9cesseur Fran\u00e7ois Hollande, en pr\u00e9sence de B\u00e9ji Ca\u00efd Essebsi, le 7 avril 2015 \u00e0 se rendre massivement passer leurs vacances en Tunisie. Mais, le pr\u00e9sident Macron saura trouver sans doute avec sa finesse les mots qu\u2019il faut. Quitte \u00e0 pr\u00e9ciser que cela sera possible d\u00e8s que les conditions sanitaires le permettront de part et d\u2019autre\u00a0!<\/p>\n<p>Interrog\u00e9 \u00e0 l\u2019\u00e9poque par <span class=\"c2\"><strong>Leaders<\/strong><\/span>, <a href=\"https:\/\/www.leaders.com.tn\/article\/16771-hollande-a-essebsi-la-france-doit-faire-plus-pour-la-tunisie\">Fran\u00e7ois Hollande<\/a> avait rappel\u00e9 que depuis son accession \u00e0 l\u2019\u00c9lys\u00e9e, il s\u2018\u00e9tait d\u00e9j\u00e0 rendu trois fois en Tunisie. \u00ab C\u2019est un pays o\u00f9 je vais r\u00e9guli\u00e8rement, a-t-il dit. <span class=\"c3\"><strong>J\u2019appelle mes compatriotes qui aiment la Tunisie \u00e0 y aller.<\/strong><\/span> \u00bb<\/p>\n<h2>Co-localiser<\/h2>\n<p>Il en va de m\u00eame pour la relocalisation industrielle en France.\u00a0La Tunisie se propose en solution.\u00a0La souverainet\u00e9 industrielle a un co\u00fbt tr\u00e8s \u00e9lev\u00e9 tant au niveau de la structure des prix, donc de la comp\u00e9titivit\u00e9, des besoins additionnels en main d&rsquo;oeuvre \u00e9trang\u00e8re dans un pays qui appr\u00e9hende les flux migratoires, les \u00e9manations de carbone, et les enjeux d&rsquo;implantation en France de compagnies asiatiques, notomment chinoises.\u00a0Toutes ces questions trouvent en effet pour la France, r\u00e9ponse en Tunisie.\u00a0La doctrine de rapatriement des industries dans l&rsquo;hexagone, au prix d&rsquo;aides financi\u00e8res massives, m\u00e9rite r\u00e9vision \u00e0 la lumi\u00e8re de sites proches et performants comme la Tunisie.<\/p>\n<p>Quant aux autres gestes attendus de la France \u00e0 la faveur de la visite qu\u2019il y effectue d\u00e8s cet apr\u00e8s-midi le pr\u00e9sident Kais Sa\u00efed, ils portent sur l\u2019approbation politique des accords financiers d\u00e9j\u00e0 pr\u00e9par\u00e9s avec l\u2019AFD (85 millions d\u2019euros) et le Tr\u00e9sor public (350 millions d\u2019euros) y compris le recyclage de la dette, l\u2019annonce du calendrier des grandes rencontres au niveau des deux gouvernements, d\u2019ici d\u00e9but 2021, et l\u2019appui de la Tunisie dans ses efforts de sortie de crise en Libye.<br \/>\u00a0<\/p>\n<p>Auteur:<br \/>\n<a href=\"https:\/\/www.leaders.com.tn\/article\/30153-macron-fera-t-il-un-geste-en-faveur-du-tourisme-tunisien\">Cliquez ici pour lire l&rsquo;article depuis sa source.<\/a><\/p>\n","protected":false},"excerpt":{"rendered":"<p>Un coup de pouce salutaire pour le tourisme tunisien sera-t-il donn\u00e9 cet apr\u00e8s-midi lors de la conf\u00e9rence de presse conjointe que tiendront les pr\u00e9sidents Macron et Sa\u00efed \u00e0 l\u2019issue de leurs entretiens\u00a0? Fran\u00e7ais et Tunisiens y seront fort attentifs, tant la parole macronienne sera d\u00e9cisive. Il lui sera certes difficile de r\u00e9\u00e9diter l\u2019appel lanc\u00e9 depuis [&hellip;]<\/p>\n","protected":false},"author":1772,"featured_media":0,"comment_status":"closed","ping_status":"closed","sticky":false,"template":"","format":"standard","meta":{"fifu_image_url":"","fifu_image_alt":"","footnotes":""},"categories":[73,55],"tags":[],"class_list":["post-89787","post","type-post","status-publish","format-standard","hentry","category-actualite","category-tunisie"],"_links":{"self":[{"href":"https:\/\/linitiative.ca\/International\/wp-json\/wp\/v2\/posts\/89787","targetHints":{"allow":["GET"]}}],"collection":[{"href":"https:\/\/linitiative.ca\/International\/wp-json\/wp\/v2\/posts"}],"about":[{"href":"https:\/\/linitiative.ca\/International\/wp-json\/wp\/v2\/types\/post"}],"author":[{"embeddable":true,"href":"https:\/\/linitiative.ca\/International\/wp-json\/wp\/v2\/users\/1772"}],"replies":[{"embeddable":true,"href":"https:\/\/linitiative.ca\/International\/wp-json\/wp\/v2\/comments?post=89787"}],"version-history":[{"count":0,"href":"https:\/\/linitiative.ca\/International\/wp-json\/wp\/v2\/posts\/89787\/revisions"}],"wp:attachment":[{"href":"https:\/\/linitiative.ca\/International\/wp-json\/wp\/v2\/media?parent=89787"}],"wp:term":[{"taxonomy":"category","embeddable":true,"href":"https:\/\/linitiative.ca\/International\/wp-json\/wp\/v2\/categories?post=89787"},{"taxonomy":"post_tag","embeddable":true,"href":"https:\/\/linitiative.ca\/International\/wp-json\/wp\/v2\/tags?post=89787"}],"curies":[{"name":"wp","href":"https:\/\/api.w.org\/{rel}","templated":true}]}}