{"id":89788,"date":"2020-06-22T09:48:00","date_gmt":"2020-06-22T13:48:00","guid":{"rendered":"https:\/\/linitiative.ca\/International\/lambassade-ditalie-honore-la-memoire-de-lina-ben-mhenni-un-exemple-positif-dengagement-politique-et-social\/"},"modified":"2020-06-22T09:48:00","modified_gmt":"2020-06-22T13:48:00","slug":"lambassade-ditalie-honore-la-memoire-de-lina-ben-mhenni-un-exemple-positif-dengagement-politique-et-social","status":"publish","type":"post","link":"https:\/\/linitiative.ca\/International\/lambassade-ditalie-honore-la-memoire-de-lina-ben-mhenni-un-exemple-positif-dengagement-politique-et-social\/","title":{"rendered":"L\u2019ambassade d\u2019Italie honore la m\u00e9moire de Lina Ben Mhenni: Un exemple positif d\u2019engagement politique et social"},"content":{"rendered":"<p>L\u2019Ambassade d\u2019Italie \u00e0 Tunis honore la m\u00e9moire de Lina Ben Mhenni avec une c\u00e9r\u00e9monie restreinte, organis\u00e9e dans le Jardin des Justes, qui se tiendra le 29 Juin en pr\u00e9sence du Ministre des droits de l\u2019homme, des relations avec les instances constitutionnelles et la soci\u00e9t\u00e9 civile, Ayachi Hammami, ainsi que des parents, des membres de la famille et des amis de Lina. Le Jardin des Justes de l\u2019Ambassade d\u2019Italie accueillera cette ann\u00e9e un nouvel arbre pour rappeler la bloggeuse et activiste de la soci\u00e9t\u00e9 civile, qui \u00aba combattu avec courage et d\u00e9termination pour la d\u00e9fense des libert\u00e9s, de la d\u00e9mocratie et pour la sauvegarde de la plan\u00e8te\u00bb.<\/p>\n<p>\u00abLina a \u00e9t\u00e9 et continue d\u2019\u00eatre un v\u00e9ritable exemple positif pour les jeunes et pour tous ceux qui ne renoncent pas face aux difficult\u00e9s, qui ne c\u00e8dent pas \u00e0 la frustration, mais qui unissent leurs efforts et investissent leurs \u00e9nergies et leur passion pour am\u00e9liorer la condition humaine\u00bb, a soulign\u00e9 l\u2019Ambassadeur d\u2019Italie \u00e0 Tunis, Lorenzo Fanara.\u00a0 \u00abLa d\u00e9mocratie n\u00e9cessite une participation engag\u00e9e et Lina dans ses batailles a \u00e9t\u00e9 une source d\u2019inspiration in\u00e9puisable pour tous ceux qui croient aux principes d\u00e9mocratiques\u00bb.<\/p>\n<p>D\u00e9c\u00e9d\u00e9e en janvier dernier, \u00e0 l\u2019\u00e2ge de 36 ans, Lina Ben Mhenni repr\u00e9sente une \u00abfigure embl\u00e9matique de la R\u00e9volution\u00bb pour son engagement politique et social, mettant souvent en danger sa propre vie. A travers les nombreuses batailles qu\u2019elle faisait siennes, elle donnait une voix \u00e0 tous, notamment les plus vuln\u00e9rables. Les droits de l\u2019homme, la lutte contre la corruption et contre le trafic des \u00eatres humains, l\u2019am\u00e9lioration des conditions des d\u00e9tenus dans les prisons, l\u2019\u00e9galit\u00e9, l\u2019environnement, sont parmi les fronts qui l\u2019ont vue toujours en premi\u00e8re ligne malgr\u00e9 la maladie.<\/p>\n<p>Son exemple et sa m\u00e9moire sont tr\u00e8s vivants en Italie aussi, o\u00f9 Lina s\u2019est rendue plusieurs fois pour raconter son exp\u00e9rience et encourager les nouvelles g\u00e9n\u00e9rations \u00e0 s\u2019engager et \u00e0 \u00eatre actifs dans la soci\u00e9t\u00e9. Les nombreux prix avec lesquels l\u2019Italie a reconnu les m\u00e9rites de la jeune militante seront \u00e9galement expos\u00e9s dans le Jardin des Justes : le Prix \u00abRome pour la Paix et l\u2019Action Humanitaire\u00bb (2011), le Prix Minerva Anna Maria Mammoliti pour l\u2019engagement politique et en d\u00e9fense des droits de l\u2019homme (2011) ainsi que le Prix Ischia International de Journalisme (2014). Ces distinctions, qui s\u2019ajoutent aux nombreuses r\u00e9compenses attribu\u00e9es \u00e0 Lina Ben Mhenni dans le monde entier, t\u00e9moignent davantage la dimension globale de ses causes.<\/p>\n<p>Le Jardin des Justes dans l\u2019Ambassade d\u2019Italie, le premier dans un pays arabe, a \u00e9t\u00e9 inaugur\u00e9 en juillet 2016 et accueille tous les ans un nouvel arbre consacr\u00e9 aux justes du pass\u00e9 et de notre \u00e9poque qui, au p\u00e9ril de leur vie, ont lutt\u00e9 pour d\u00e9fendre les valeurs de l\u2019humanit\u00e9 et de la solidarit\u00e9, les droits de l&rsquo;homme et les libert\u00e9s. Parmi les honor\u00e9s de ce jardin il y a aussi Mohamed Abid, un tunisien qui a \u00e9t\u00e9 d\u00e9cor\u00e9 de la M\u00e9daille d\u2019Or Civile de Bravoure en Italie, pour avoir sacrifi\u00e9 sa vie en 2003 afin de sauver une femme et deux enfants italiens en difficult\u00e9 en mer au large d\u2019Agrigente.<br \/>\u00a0<\/p>\n<p>Auteur:<br \/>\n<a href=\"https:\/\/www.leaders.com.tn\/article\/30154-l-ambassade-d-italie-honore-la-memoire-de-lina-ben-mhenni-un-exemple-positif-d-engagement-politique-et-social\">Cliquez ici pour lire l&rsquo;article depuis sa source.<\/a><\/p>\n","protected":false},"excerpt":{"rendered":"<p>L\u2019Ambassade d\u2019Italie \u00e0 Tunis honore la m\u00e9moire de Lina Ben Mhenni avec une c\u00e9r\u00e9monie restreinte, organis\u00e9e dans le Jardin des Justes, qui se tiendra le 29 Juin en pr\u00e9sence du Ministre des droits de l\u2019homme, des relations avec les instances constitutionnelles et la soci\u00e9t\u00e9 civile, Ayachi Hammami, ainsi que des parents, des membres de la [&hellip;]<\/p>\n","protected":false},"author":1772,"featured_media":0,"comment_status":"closed","ping_status":"closed","sticky":false,"template":"","format":"standard","meta":{"fifu_image_url":"","fifu_image_alt":"","footnotes":""},"categories":[73,55],"tags":[],"class_list":["post-89788","post","type-post","status-publish","format-standard","hentry","category-actualite","category-tunisie"],"_links":{"self":[{"href":"https:\/\/linitiative.ca\/International\/wp-json\/wp\/v2\/posts\/89788","targetHints":{"allow":["GET"]}}],"collection":[{"href":"https:\/\/linitiative.ca\/International\/wp-json\/wp\/v2\/posts"}],"about":[{"href":"https:\/\/linitiative.ca\/International\/wp-json\/wp\/v2\/types\/post"}],"author":[{"embeddable":true,"href":"https:\/\/linitiative.ca\/International\/wp-json\/wp\/v2\/users\/1772"}],"replies":[{"embeddable":true,"href":"https:\/\/linitiative.ca\/International\/wp-json\/wp\/v2\/comments?post=89788"}],"version-history":[{"count":0,"href":"https:\/\/linitiative.ca\/International\/wp-json\/wp\/v2\/posts\/89788\/revisions"}],"wp:attachment":[{"href":"https:\/\/linitiative.ca\/International\/wp-json\/wp\/v2\/media?parent=89788"}],"wp:term":[{"taxonomy":"category","embeddable":true,"href":"https:\/\/linitiative.ca\/International\/wp-json\/wp\/v2\/categories?post=89788"},{"taxonomy":"post_tag","embeddable":true,"href":"https:\/\/linitiative.ca\/International\/wp-json\/wp\/v2\/tags?post=89788"}],"curies":[{"name":"wp","href":"https:\/\/api.w.org\/{rel}","templated":true}]}}