{"id":89789,"date":"2020-06-22T06:00:00","date_gmt":"2020-06-22T10:00:00","guid":{"rendered":"https:\/\/linitiative.ca\/International\/bolsonaro-nomme-un-acteur-de-series-secretaire-a-la-culture\/"},"modified":"2020-06-22T06:00:00","modified_gmt":"2020-06-22T10:00:00","slug":"bolsonaro-nomme-un-acteur-de-series-secretaire-a-la-culture","status":"publish","type":"post","link":"https:\/\/linitiative.ca\/International\/bolsonaro-nomme-un-acteur-de-series-secretaire-a-la-culture\/","title":{"rendered":"Bolsonaro nomme un acteur  de s\u00e9ries secr\u00e9taire \u00e0 la Culture"},"content":{"rendered":"<p>Le pr\u00e9sident du Br\u00e9sil, Jair Bolsonaro, a nomm\u00e9 vendredi soir un acteur de s\u00e9ries t\u00e9l\u00e9vis\u00e9es, Mario Frias, secr\u00e9taire \u00e0 la Culture, un mois apr\u00e8s la d\u00e9mission d&rsquo;une autre star de t\u00e9l\u00e9novelas, Regina Duarte, sur fond de tensions avec le chef d&rsquo;Etat d&rsquo;extr\u00eame droite.\u00a0<br \/>Mario Fr\u00edas, 48 ans, acteur dans la t\u00e9l\u00e9novela pour adolescents\u00a0 Malhacao\u00a0 qui se d\u00e9roule dans les ann\u00e9es 1990, sera le cinqui\u00e8me \u00e0 occuper ce poste en 18 mois de pr\u00e9sidence Bolsonaro. Il remplace l&rsquo;actrice Regina Duarte qui avait d\u00e9missionn\u00e9 \u00e0 la suite de tensions avec le chef de l&rsquo;\u00c9tat.\u00a0<br \/>Selon les m\u00e9dias locaux, elle aurait notamment refus\u00e9 d&rsquo;entreprendre la croisade culturelle contre les id\u00e9es de gauche voulue par le pr\u00e9sident. Elle-m\u00eame avait d\u00e9j\u00e0 succ\u00e9d\u00e9 \u00e0 Roberto Alvim, limog\u00e9 en janvier apr\u00e8s avoir paraphras\u00e9 un discours de Goebbels. Elle avait \u00e9t\u00e9 nomm\u00e9e pour r\u00e9concilier le gouvernement avec les \u00abmilieux artistiques\u00bb.\u00a0<br \/>Le secr\u00e9tariat \u00e0 la Culture, qui, auparavant, \u00e9tait un minist\u00e8re, a \u00e9t\u00e9 rel\u00e9gu\u00e9 au rang de simple secr\u00e9tariat par Jair Bolsonaro, au m\u00eame titre que les Sports. D&rsquo;autres membres \u00e9minents du gouvernement Bolsonaro ont r\u00e9cemment quitt\u00e9 le navire, apr\u00e8s d\u00e9mission ou limogeage, dont le ministre de la Justice Sergio Moro et surtout deux ministres de la Sant\u00e9 en pleine pand\u00e9mie de coronavirus. Et jeudi dernier, le ministre de l&rsquo;\u00c9ducation, Abraham Weintraub, fervent bolsonariste, a annonc\u00e9 sa d\u00e9mission apr\u00e8s une s\u00e9rie de pol\u00e9miques.<\/p>\n<p>Auteur:<br \/>\n<a href=\"https:\/\/www.lesoirdalgerie.com\/culture\/bolsonaro-nomme-un-acteur-de-series-secretaire-a-la-culture-43864\">Cliquez ici pour lire l&rsquo;article depuis sa source.<\/a><\/p>\n","protected":false},"excerpt":{"rendered":"<p>Le pr\u00e9sident du Br\u00e9sil, Jair Bolsonaro, a nomm\u00e9 vendredi soir un acteur de s\u00e9ries t\u00e9l\u00e9vis\u00e9es, Mario Frias, secr\u00e9taire \u00e0 la Culture, un mois apr\u00e8s la d\u00e9mission d&rsquo;une autre star de t\u00e9l\u00e9novelas, Regina Duarte, sur fond de tensions avec le chef d&rsquo;Etat d&rsquo;extr\u00eame droite.\u00a0Mario Fr\u00edas, 48 ans, acteur dans la t\u00e9l\u00e9novela pour adolescents\u00a0 Malhacao\u00a0 qui se [&hellip;]<\/p>\n","protected":false},"author":1741,"featured_media":0,"comment_status":"closed","ping_status":"closed","sticky":false,"template":"","format":"standard","meta":{"fifu_image_url":"","fifu_image_alt":"","footnotes":""},"categories":[73,53],"tags":[],"class_list":["post-89789","post","type-post","status-publish","format-standard","hentry","category-actualite","category-algerie"],"_links":{"self":[{"href":"https:\/\/linitiative.ca\/International\/wp-json\/wp\/v2\/posts\/89789","targetHints":{"allow":["GET"]}}],"collection":[{"href":"https:\/\/linitiative.ca\/International\/wp-json\/wp\/v2\/posts"}],"about":[{"href":"https:\/\/linitiative.ca\/International\/wp-json\/wp\/v2\/types\/post"}],"author":[{"embeddable":true,"href":"https:\/\/linitiative.ca\/International\/wp-json\/wp\/v2\/users\/1741"}],"replies":[{"embeddable":true,"href":"https:\/\/linitiative.ca\/International\/wp-json\/wp\/v2\/comments?post=89789"}],"version-history":[{"count":0,"href":"https:\/\/linitiative.ca\/International\/wp-json\/wp\/v2\/posts\/89789\/revisions"}],"wp:attachment":[{"href":"https:\/\/linitiative.ca\/International\/wp-json\/wp\/v2\/media?parent=89789"}],"wp:term":[{"taxonomy":"category","embeddable":true,"href":"https:\/\/linitiative.ca\/International\/wp-json\/wp\/v2\/categories?post=89789"},{"taxonomy":"post_tag","embeddable":true,"href":"https:\/\/linitiative.ca\/International\/wp-json\/wp\/v2\/tags?post=89789"}],"curies":[{"name":"wp","href":"https:\/\/api.w.org\/{rel}","templated":true}]}}