{"id":89790,"date":"2020-06-22T06:00:00","date_gmt":"2020-06-22T10:00:00","guid":{"rendered":"https:\/\/linitiative.ca\/International\/carlos-ruiz-zafon-a-lombre-du-vent\/"},"modified":"2020-06-22T06:00:00","modified_gmt":"2020-06-22T10:00:00","slug":"carlos-ruiz-zafon-a-lombre-du-vent","status":"publish","type":"post","link":"https:\/\/linitiative.ca\/International\/carlos-ruiz-zafon-a-lombre-du-vent\/","title":{"rendered":"Carlos Ruiz Zafon, \u00e0 \u00abL&rsquo;ombre du vent\u00bb"},"content":{"rendered":"<p>L&rsquo;\u00e9crivain espagnol Carlos Ruiz Zafon, c\u00e9l\u00e8bre mondialement pour son roman L&rsquo;ombre du vent, est mort \u00e0 55 ans d&rsquo;un cancer, a annonc\u00e9 vendredi sa maison d&rsquo;\u00e9dition Planeta. \u00abL&rsquo;\u00e9crivain Carlos Ruiz Zafon est d\u00e9c\u00e9d\u00e9 aujourd&rsquo;hui, 19 juin 2020, \u00e0 55 ans, dans sa r\u00e9sidence de Los Angeles, Etats-Unis, d&rsquo;un cancer\u00bb, a indiqu\u00e9 le groupe dans un communiqu\u00e9.<br \/>\u00abL&rsquo;un des meilleurs romanciers contemporains nous a quitt\u00e9s, mais il restera tr\u00e8s vivant parmi nous \u00e0 travers ses livres\u00bb, ajoute l&rsquo;\u00e9diteur qui publiait depuis vingt ans les romans de Ruiz Zafon, en particulier sa t\u00e9tralogie Le cimeti\u00e8re des livres oubli\u00e9s. Publi\u00e9e entre 2001 et 2016, elle comprend\u00a0 L&rsquo;ombre du vent,\u00a0 Le jeu de l&rsquo;ange,\u00a0 Le prisonnier du ciel et Le labyrinthe des esprits. La maison d&rsquo;\u00e9dition cite dans son communiqu\u00e9 une phrase du p\u00e8re de Daniel Sempere, personnage principal de L&rsquo;ombre du vent, livre le plus connu de l&rsquo;auteur et l&rsquo;un des romans espagnols les plus vendus de ces derni\u00e8res d\u00e9cennies. \u00abChaque livre, chaque tome que tu vois, a une \u00e2me. L&rsquo;\u00e2me de celui qui l&rsquo;a \u00e9crit, et l&rsquo;\u00e2me de ceux qui l&rsquo;ont lu et ont v\u00e9cu et ont r\u00eav\u00e9 avec lui\u00bb, dit ce personnage en faisant d\u00e9couvrir \u00e0 son fils le myst\u00e9rieux Cimeti\u00e8re des Livres Oubli\u00e9s, une biblioth\u00e8que secr\u00e8te et magique labyrinthique, autour de laquelle tourne toute la saga. Dans ce roman \u00e0 suspense qui se d\u00e9roule \u00e0 Barcelone apr\u00e8s la Guerre civile espagnole (1936-1939), le jeune Daniel Sempere tente de percer le myst\u00e8re entourant l&rsquo;\u00e9crivan Julian Carax.<br \/>Le roman, publi\u00e9 en 2001, est vite devenu un \u00e9norme succ\u00e8s d&rsquo;\u00e9dition, traduit dans une cinquantaine de langues et vendu \u00e0 des millions d&rsquo;exemplaires \u00e0 travers le monde, faisant une star de son auteur, qui s&rsquo;\u00e9tait jusque-l\u00e0 consacr\u00e9 \u00e0 la litt\u00e9rature jeunesse. N\u00e9 \u00e0 Barcelone en 1964, Carlos Ruiz Zafon, \u00e9duqu\u00e9 dans une institution religieuse et dipl\u00f4m\u00e9 en communication, avait d&rsquo;abord fait carri\u00e8re dans la publicit\u00e9 avant de publier son premier roman \u00e0 presque trente ans.<\/p>\n<p>Auteur:<br \/>\n<a href=\"https:\/\/www.lesoirdalgerie.com\/culture\/carlos-ruiz-zafon-a-lombre-du-vent-43863\">Cliquez ici pour lire l&rsquo;article depuis sa source.<\/a><\/p>\n","protected":false},"excerpt":{"rendered":"<p>L&rsquo;\u00e9crivain espagnol Carlos Ruiz Zafon, c\u00e9l\u00e8bre mondialement pour son roman L&rsquo;ombre du vent, est mort \u00e0 55 ans d&rsquo;un cancer, a annonc\u00e9 vendredi sa maison d&rsquo;\u00e9dition Planeta. \u00abL&rsquo;\u00e9crivain Carlos Ruiz Zafon est d\u00e9c\u00e9d\u00e9 aujourd&rsquo;hui, 19 juin 2020, \u00e0 55 ans, dans sa r\u00e9sidence de Los Angeles, Etats-Unis, d&rsquo;un cancer\u00bb, a indiqu\u00e9 le groupe dans un [&hellip;]<\/p>\n","protected":false},"author":1741,"featured_media":0,"comment_status":"closed","ping_status":"closed","sticky":false,"template":"","format":"standard","meta":{"fifu_image_url":"","fifu_image_alt":"","footnotes":""},"categories":[73,53],"tags":[],"class_list":["post-89790","post","type-post","status-publish","format-standard","hentry","category-actualite","category-algerie"],"_links":{"self":[{"href":"https:\/\/linitiative.ca\/International\/wp-json\/wp\/v2\/posts\/89790","targetHints":{"allow":["GET"]}}],"collection":[{"href":"https:\/\/linitiative.ca\/International\/wp-json\/wp\/v2\/posts"}],"about":[{"href":"https:\/\/linitiative.ca\/International\/wp-json\/wp\/v2\/types\/post"}],"author":[{"embeddable":true,"href":"https:\/\/linitiative.ca\/International\/wp-json\/wp\/v2\/users\/1741"}],"replies":[{"embeddable":true,"href":"https:\/\/linitiative.ca\/International\/wp-json\/wp\/v2\/comments?post=89790"}],"version-history":[{"count":0,"href":"https:\/\/linitiative.ca\/International\/wp-json\/wp\/v2\/posts\/89790\/revisions"}],"wp:attachment":[{"href":"https:\/\/linitiative.ca\/International\/wp-json\/wp\/v2\/media?parent=89790"}],"wp:term":[{"taxonomy":"category","embeddable":true,"href":"https:\/\/linitiative.ca\/International\/wp-json\/wp\/v2\/categories?post=89790"},{"taxonomy":"post_tag","embeddable":true,"href":"https:\/\/linitiative.ca\/International\/wp-json\/wp\/v2\/tags?post=89790"}],"curies":[{"name":"wp","href":"https:\/\/api.w.org\/{rel}","templated":true}]}}