{"id":89791,"date":"2020-06-22T06:00:00","date_gmt":"2020-06-22T10:00:00","guid":{"rendered":"https:\/\/linitiative.ca\/International\/des-festivals-dete-revisites-en-france-pour-sauver-quelque-chose\/"},"modified":"2020-06-22T06:00:00","modified_gmt":"2020-06-22T10:00:00","slug":"des-festivals-dete-revisites-en-france-pour-sauver-quelque-chose","status":"publish","type":"post","link":"https:\/\/linitiative.ca\/International\/des-festivals-dete-revisites-en-france-pour-sauver-quelque-chose\/","title":{"rendered":"Des festivals d&rsquo;\u00e9t\u00e9 revisit\u00e9s en France pour \u00absauver quelque chose\u00bb"},"content":{"rendered":"<p>\u00abPr\u00e9server ce qui pouvait l&rsquo;\u00eatre\u00bb : quelques dizaines de festivals de spectacle vivant en France veulent faire bonne figure durant cet \u00e9t\u00e9 bris\u00e9 par le coronavirus, se r\u00e9imaginant avec jauge r\u00e9duite, concerts diffus\u00e9s sur internet ou en plein air. Apr\u00e8s l&rsquo;avalanche d&rsquo;annulations, festivals et salles sont toujours soumis \u00e0 des r\u00e8gles de distanciation drastiques, de quoi indigner artistes et producteurs qui s&rsquo;estiment l\u00e9s\u00e9s par rapport \u00e0 d&rsquo;autres secteurs.<br \/>Si elles sembleront bien p\u00e2les en comparaison avec leurs \u00e9ditions pr\u00e9c\u00e9dentes, les manifestations de musique classique, d&rsquo;op\u00e9ra, de th\u00e9\u00e2tre ou de cirque qui ont \u00e9t\u00e9 repens\u00e9es se voient comme un acte de r\u00e9sistance dans un climat de morosit\u00e9.<br \/>\u00a0 \u00a0<br \/><strong>\u00abGarder un murmure th\u00e9\u00e2tral\u00bb<\/strong><br \/>\u00abJe ne pouvais pas laisser Avignon musel\u00e9e\u00bb, assure \u00e0 l&rsquo;AFP Serge Barbuscia, pr\u00e9sident de Sc\u00e8nes d&rsquo;Avignon qui regroupe cinq th\u00e9\u00e2tres permanents de la Cit\u00e9 des Papes, priv\u00e9e cette ann\u00e9e de ses c\u00e9l\u00e8bres festivals, le \u00abin\u00bb et le \u00aboff\u00bb. \u00abIl fallait qu&rsquo;on fasse quelque chose. Nous sommes les gardiens du feu et avons souhait\u00e9 garder un murmure th\u00e9\u00e2tral\u00bb, ajoute ce directeur de th\u00e9\u00e2tre. Du 16 au 23 juillet, il organise des lectures d&rsquo;une quinzaine de textes contemporains in\u00e9dits au Palais des Papes, haut lieu d&rsquo;Avignon. \u00abOn retourne \u00e0 l&rsquo;essence du th\u00e9\u00e2tre avec ces mises en voix.\u00bb<br \/>Des dizaines d&rsquo;acteurs et d&rsquo;actrices liront ces textes non pas dans la Cour d&rsquo;honneur, sc\u00e8ne embl\u00e9matique du \u00abin\u00bb, mais dans le Clo\u00eetre adjacent, en plein air.<br \/>Deux lectures sont pr\u00e9vues par soir\u00e9e (18h30 et 20h30) devant un public de 100 personnes (entr\u00e9e libre et sur r\u00e9servation). Des textes qui \u00abviennent d&rsquo;\u00eatre \u00e9crits, sur des sujets d&rsquo;aujourd&rsquo;hui\u00bb. Parmi les auteurs : Pierre Notte, Serge Valleti, R\u00e9mi De Vos, Matei Visniec ou encore Eric Bu et Laura L\u00e9onie qui ont \u00e9crit \u00absur un couple qui pense qu&rsquo;on vit la fin du monde\u00bb.<br \/>Parmi les autres manifestations annonc\u00e9es : le Festival des Heures musicales de l&rsquo;Abbaye de Lessay en Normandie avec 270 spectateurs dans l&rsquo;\u00e9glise romane, le Festival des For\u00eats, qui propose des \u00abbains de for\u00eats musicaux\u00bb avec 20 personnes par groupe \u00e0 Laigue et Compi\u00e8gne, ou encore le festival de cirque annuel du Centre international des arts en mouvement \u00e0 Aix-en-Provence (200 personnes en plein air chaque soir).<br \/>De m\u00eame, les Rencontres musicales d&rsquo;\u00c9vian proposeront six concerts (4-9 juillet), la moiti\u00e9 de sa programmation initiale.<br \/>La Grange au Lac, salle de 1 100 places, c\u00e9l\u00e8bre pour son lien avec le l\u00e9gendaire Rostropovitch, accueillera 150 spectateurs pour des concerts retransmis en direct sur Radio Classique et la plateforme Medici.tv.<br \/>Il s&rsquo;agira d&rsquo;une affiche de musique de chambre \u2014 la pr\u00e9sence de grands orchestres sur sc\u00e8ne posant encore probl\u00e8me \u2014, avec des artistes essentiellement\u00a0 bas\u00e9s en France dont le quatuor Eb\u00e8ne, Gautier Capu\u00e7on, Alexandre Kantorow et Bertrand Chamayou. \u00abOn va s&rsquo;adapter pour recevoir le plus de gens possible si la jauge autoris\u00e9e \u00e9volue\u00bb, pr\u00e9cise Philippe Bernhard, le directeur artistique. \u00abOn a voulu pr\u00e9server ce qui pouvait l&rsquo;\u00eatre, et sauver quelque chose, notamment l&rsquo;\u00e9cosyst\u00e8me du festival\u00bb, assure-t-il. \u00abL&rsquo;organisateur est le premier des dominos, \u00e0 partir du moment o\u00f9 l&rsquo;on baisse les bras, tous les autres s&rsquo;effondrent.\u00bb<br \/>Un \u00e9tat d&rsquo;esprit partag\u00e9 par Pierre Audi, directeur artistique du Festival d&rsquo;Aix-en-Provence, une des plus importantes manifestations d&rsquo;art lyrique dans le monde : \u00abIl faut construire et dire aux gens que nous serons l\u00e0 dans l&rsquo;apr\u00e8s-crise.\u00bb<br \/>\u00a0 \u00a0<br \/><strong>\u00abSe projeter en 2021\u00bb<\/strong><br \/>Le Festival, initialement pr\u00e9vu du 30 juin au 18 juillet, n&rsquo;a pas eu la chance du calendrier de Salzbourg, rare rescap\u00e9 des grandes manifestations estivales, qui se tiendra pendant le mois d&rsquo;ao\u00fbt. Ou du festival international de piano de la Roque d&rsquo;Anth\u00e9ron, \u00e9galement maintenu en ao\u00fbt. Pour M. Audi, il \u00e9tait \u00abtr\u00e8s difficile d&rsquo;organiser une billetterie, m\u00eame limit\u00e9e. Il faut cr\u00e9er plusieurs entr\u00e9es pour des lieux comme le Th\u00e9\u00e2tre de l&rsquo;Archev\u00each\u00e9; c&rsquo;\u00e9tait bien trop tard\u00bb.<br \/>\u00c0 d\u00e9faut des cinq productions ambitieuses d&rsquo;op\u00e9ra pr\u00e9vues, le Festival a maintenu ses r\u00e9citals (\u00e0 huis clos et diffus\u00e9s via internet), avec les artistes initialement programm\u00e9s, comme le baryton Christian Gerhaher, le chef d&rsquo;orchestre Simon Rattle ou la soprano Sabine Devieilhe.<br \/>Pour les op\u00e9ras, \u00abj&rsquo;essaie de garder un maximum de productions intactes pour les prochaines \u00e9ditions\u00bb, indique M. Audi. \u00abIl faut se projeter en 2021.\u00bb<br \/>\u00a0<\/p>\n<p>Auteur:<br \/>\n<a href=\"https:\/\/www.lesoirdalgerie.com\/culture\/des-festivals-dete-revisites-en-france-pour-sauver-quelque-chose-43862\">Cliquez ici pour lire l&rsquo;article depuis sa source.<\/a><\/p>\n","protected":false},"excerpt":{"rendered":"<p>\u00abPr\u00e9server ce qui pouvait l&rsquo;\u00eatre\u00bb : quelques dizaines de festivals de spectacle vivant en France veulent faire bonne figure durant cet \u00e9t\u00e9 bris\u00e9 par le coronavirus, se r\u00e9imaginant avec jauge r\u00e9duite, concerts diffus\u00e9s sur internet ou en plein air. Apr\u00e8s l&rsquo;avalanche d&rsquo;annulations, festivals et salles sont toujours soumis \u00e0 des r\u00e8gles de distanciation drastiques, de [&hellip;]<\/p>\n","protected":false},"author":1741,"featured_media":0,"comment_status":"closed","ping_status":"closed","sticky":false,"template":"","format":"standard","meta":{"fifu_image_url":"","fifu_image_alt":"","footnotes":""},"categories":[73,53],"tags":[],"class_list":["post-89791","post","type-post","status-publish","format-standard","hentry","category-actualite","category-algerie"],"_links":{"self":[{"href":"https:\/\/linitiative.ca\/International\/wp-json\/wp\/v2\/posts\/89791","targetHints":{"allow":["GET"]}}],"collection":[{"href":"https:\/\/linitiative.ca\/International\/wp-json\/wp\/v2\/posts"}],"about":[{"href":"https:\/\/linitiative.ca\/International\/wp-json\/wp\/v2\/types\/post"}],"author":[{"embeddable":true,"href":"https:\/\/linitiative.ca\/International\/wp-json\/wp\/v2\/users\/1741"}],"replies":[{"embeddable":true,"href":"https:\/\/linitiative.ca\/International\/wp-json\/wp\/v2\/comments?post=89791"}],"version-history":[{"count":0,"href":"https:\/\/linitiative.ca\/International\/wp-json\/wp\/v2\/posts\/89791\/revisions"}],"wp:attachment":[{"href":"https:\/\/linitiative.ca\/International\/wp-json\/wp\/v2\/media?parent=89791"}],"wp:term":[{"taxonomy":"category","embeddable":true,"href":"https:\/\/linitiative.ca\/International\/wp-json\/wp\/v2\/categories?post=89791"},{"taxonomy":"post_tag","embeddable":true,"href":"https:\/\/linitiative.ca\/International\/wp-json\/wp\/v2\/tags?post=89791"}],"curies":[{"name":"wp","href":"https:\/\/api.w.org\/{rel}","templated":true}]}}