{"id":89794,"date":"2020-06-22T10:50:00","date_gmt":"2020-06-22T14:50:00","guid":{"rendered":"https:\/\/linitiative.ca\/International\/la-cnss-fait-mal-au-pjd\/"},"modified":"2020-06-22T10:50:00","modified_gmt":"2020-06-22T14:50:00","slug":"la-cnss-fait-mal-au-pjd","status":"publish","type":"post","link":"https:\/\/linitiative.ca\/International\/la-cnss-fait-mal-au-pjd\/","title":{"rendered":"La CNSS fait mal au PJD"},"content":{"rendered":"<p><strong>Ministre d\u2019\u00c9tat charg\u00e9 des droits de l\u2019Homme, le<\/strong> <strong>pr\u00e9sident du conseil d\u2019administration de la CNSS,<\/strong> <strong>n\u2019avait pas d\u00e9clar\u00e9 sa collaboratrice \u00e0 la s\u00e9curit\u00e9 sociale.<\/strong> <strong>Le PJD prend ainsi un sacr\u00e9 coup<\/strong><strong>.<\/strong><\/p>\n<div class=\"c10\"\/>\n<p>Cela fait deux semaines que le nom de Ramid est sur toutes les l\u00e8vres. Sa secr\u00e9taire d\u00e9c\u00e9d\u00e9e, n\u2019\u00e9tait pas d\u00e9clar\u00e9e \u00e0 la CNSS. Depuis, il se d\u00e9bat, bien mal par ailleurs, pour sortir de la nasse\u00a0; il annonce qu\u2019il a soutenu, g\u00e9n\u00e9reusement, la famille. Cela n\u2019a pas suffi, alors il fait signer au p\u00e8re une d\u00e9claration disant que c\u2019est la d\u00e9funte qui a refus\u00e9 de s\u2019inscrire \u00e0 la CNSS !, d\u00e9claration l\u00e9galis\u00e9e le samedi dernier. Le PJD a convoqu\u00e9 Ramid devant la Commission d\u2019\u00e9thique, dont il est le pr\u00e9sident, pour \u00e9teindre l\u2019incendie.<\/p>\n<p>Mais voil\u00e0 que le nouveau ministre de l\u2019emploi et ancien patron de la jeunesse du PJD est rattrap\u00e9 par la patrouille. Il ne d\u00e9clare aucun de ses employ\u00e9s et les paye en dessous du SMIG. Quand on sait qu\u2019il est le pr\u00e9sident du conseil d\u2019administration de la CNSS, cela fait vraiment d\u00e9sordre. Il a fait un discours o\u00f9 il promettait des sanctions tr\u00e8s lourdes pour ceux qui ne d\u00e9clarent pas les salari\u00e9s.<\/p>\n<p>Lire aussi|<a href=\"https:\/\/www.challenge.ma\/tests-du-covid19-le-maroc-entre-au-top-40-mondial-145835\/\">Tests du Covid-19 : le Maroc entre au top 40 mondial<\/a><\/p>\n<p>Sur le plan politique, c\u2019est une catastrophe pour l\u2019image du Maroc, deux ministres qui violent les droits des travailleurs \u00e0 la protection sociale, c\u2019est gravissime. Si l\u2019on ajoute que l\u2019un est ministre des Droits de l\u2019homme et que l\u2019autre est ministre du Travail, cela devient ridicule.<\/p>\n<p>La seule solution c\u2019est la d\u00e9mission, sinon l\u2019Ex\u00e9cutif trainera cette affaire pendant longtemps et les deux ayant perdu toute cr\u00e9dibilit\u00e9, ne pourront plus assumer leur t\u00e2che.<\/p>\n<p>Le PJD prend un sacr\u00e9 coup. L\u00e0 il ne s\u2019agit pas de vie priv\u00e9e mais de respect de la loi, des droits basiques des salari\u00e9s. Les discours sur les couches populaires ne seront plus audibles. Or, il s\u2019agit de deux poids lourds du parti islamiste. Les avocats encart\u00e9s devraient se presser pour se mettre en r\u00e8gle, sinon leurs noms seront sur la place publique rapidement.<\/p>\n<p>Malheureusement beaucoup de professions lib\u00e9rales ne respectent pas la loi. Mais quand on est un militant politique, c\u2019est tout simplement d\u00e9go\u00fbtant.<\/p>\n<p>Lire aussi|<a href=\"https:\/\/www.challenge.ma\/rapatriement-de-151-marocains-bloques-en-tunisie-145858\/\">Rapatriement de 151 Marocains bloqu\u00e9s en Tunisie<\/a><\/p>\n<div class=\"vw-sticky-sidebar-wrapper vw-sticky-sidebar widget_text awac-wrapper widget_text awac widget custom_html-4 textwidget custom-html-widget\">\n<p class=\"has-background c12\"><span class=\"widget-title c11\">Tribune et D\u00e9bats<\/span><\/p>\n<p>La tribune qui vous parle d\u2019une actu, d\u2019un sujet qui fait d\u00e9bat, les traitent et les analysent. \u00c9conomistes et autres experts, patrons d\u2019entreprises, d\u00e9cideurs, acteurs de la soci\u00e9t\u00e9 civile, s\u2019y prononcent et contribuent \u00e0 sa grande richesse. Vous avez votre opinion, convergente ou diff\u00e9rente. Exprimez-la et mesurez-vous ainsi \u00e0 nos tribuns et d\u00e9batteurs.<\/p>\n<p>Envoyez vos analyses \u00e0 : <a href=\"\/cdn-cgi\/l\/email-protection#dbb8b4b5afbab8af9bb8b3bab7b7beb5bcbef5b6ba\"><span class=\"__cf_email__\" data-cfemail=\"c3a0acadb7a2a0b783a0aba2afafa6ada4a6edaea2\">[email\u00a0protected]<\/span><\/a>, en pr\u00e9cisant votre nom, votre pr\u00e9nom et votre m\u00e9tier.<\/p>\n<\/div>\n<p>Auteur: Jamal Berraoui<br \/>\n<a href=\"https:\/\/www.challenge.ma\/la-cnss-fait-mal-au-pjd-145874\/\">Cliquez ici pour lire l&rsquo;article depuis sa source.<\/a><\/p>\n","protected":false},"excerpt":{"rendered":"<p>Ministre d\u2019\u00c9tat charg\u00e9 des droits de l\u2019Homme, le pr\u00e9sident du conseil d\u2019administration de la CNSS, n\u2019avait pas d\u00e9clar\u00e9 sa collaboratrice \u00e0 la s\u00e9curit\u00e9 sociale. Le PJD prend ainsi un sacr\u00e9 coup. Cela fait deux semaines que le nom de Ramid est sur toutes les l\u00e8vres. Sa secr\u00e9taire d\u00e9c\u00e9d\u00e9e, n\u2019\u00e9tait pas d\u00e9clar\u00e9e \u00e0 la CNSS. Depuis, [&hellip;]<\/p>\n","protected":false},"author":1787,"featured_media":0,"comment_status":"closed","ping_status":"closed","sticky":false,"template":"","format":"standard","meta":{"fifu_image_url":"","fifu_image_alt":"","footnotes":""},"categories":[78,54],"tags":[],"class_list":["post-89794","post","type-post","status-publish","format-standard","hentry","category-economie","category-maroc"],"_links":{"self":[{"href":"https:\/\/linitiative.ca\/International\/wp-json\/wp\/v2\/posts\/89794","targetHints":{"allow":["GET"]}}],"collection":[{"href":"https:\/\/linitiative.ca\/International\/wp-json\/wp\/v2\/posts"}],"about":[{"href":"https:\/\/linitiative.ca\/International\/wp-json\/wp\/v2\/types\/post"}],"author":[{"embeddable":true,"href":"https:\/\/linitiative.ca\/International\/wp-json\/wp\/v2\/users\/1787"}],"replies":[{"embeddable":true,"href":"https:\/\/linitiative.ca\/International\/wp-json\/wp\/v2\/comments?post=89794"}],"version-history":[{"count":0,"href":"https:\/\/linitiative.ca\/International\/wp-json\/wp\/v2\/posts\/89794\/revisions"}],"wp:attachment":[{"href":"https:\/\/linitiative.ca\/International\/wp-json\/wp\/v2\/media?parent=89794"}],"wp:term":[{"taxonomy":"category","embeddable":true,"href":"https:\/\/linitiative.ca\/International\/wp-json\/wp\/v2\/categories?post=89794"},{"taxonomy":"post_tag","embeddable":true,"href":"https:\/\/linitiative.ca\/International\/wp-json\/wp\/v2\/tags?post=89794"}],"curies":[{"name":"wp","href":"https:\/\/api.w.org\/{rel}","templated":true}]}}