{"id":89798,"date":"2020-06-22T13:07:34","date_gmt":"2020-06-22T17:07:34","guid":{"rendered":"https:\/\/linitiative.ca\/International\/coronavirus-loperation-marhaba-2020-annulee-mais-les-mre-pourront-regagner-le-maroc\/"},"modified":"2020-06-22T13:07:34","modified_gmt":"2020-06-22T17:07:34","slug":"coronavirus-loperation-marhaba-2020-annulee-mais-les-mre-pourront-regagner-le-maroc","status":"publish","type":"post","link":"https:\/\/linitiative.ca\/International\/coronavirus-loperation-marhaba-2020-annulee-mais-les-mre-pourront-regagner-le-maroc\/","title":{"rendered":"Coronavirus : l\u2019op\u00e9ration Marhaba 2020 annul\u00e9e mais les MRE pourront regagner le Maroc"},"content":{"rendered":"<p><strong>Finalement, l\u2019op\u00e9ration 2020 n\u2019aura pas lieu en raison du coronavirus. Toutefois, les Marocains r\u00e9sidant \u00e0 l\u2019\u00e9tranger (MRE) pourront regagner le Maroc selon des conditions d\u00e9termin\u00e9es, assure le ministre des Affaires \u00e9trang\u00e8res, de la Coop\u00e9ration africaine, et des Marocains r\u00e9sidant \u00e0\u00a0 l\u2019\u00e9tranger, Nasser Bourita,\u00a0 devant le Parlement.<\/strong><\/p>\n<div class=\"c10\"\/>\n<p>Nasser Bourita, le ministre des Affaires \u00e9trang\u00e8res, de la Coop\u00e9ration africaine, et des Marocains r\u00e9sidant \u00e0\u00a0 l\u2019\u00e9tranger, est intervenu il y a quelques minutes lors de la s\u00e9ance pl\u00e9ni\u00e8re hebdomadaire de la chambre des repr\u00e9sentants de ce lundi 22 juin.\u00a0 \u00ab\u00a0<em>L\u2019op\u00e9ration Marhaba 2020 n\u2019aura pas lieu cette ann\u00e9e puisqu\u2019elle n\u00e9cessite des pr\u00e9parations \u00e0 partir du mois d\u2019avril avec les diff\u00e9rents pays d\u2019accueil des MRE. Or, la Covid-19 a emp\u00each\u00e9 l\u2019organisation d\u2019une telle op\u00e9ration de travers\u00e9e dans les conditions n\u00e9cessaires \u00e0 sa r\u00e9ussite, les fronti\u00e8res de ces pays ayant \u00e9t\u00e9 toujours ferm\u00e9es au mois d\u2019avril dernier\u00a0\u00bb,<\/em> a-t-il annonc\u00e9. Et de rassurer\u00a0: \u00ab<em>\u00a0il faut faire la diff\u00e9rence entre l\u2019op\u00e9ration\u00a0<\/em><a rel=\"noreferrer noopener\" href=\"http:\/\/www.maroc.ma\/\" target=\"_blank\"><em>Marhaba<\/em><\/a> <em>qui n\u2019aura pas lieu\u00a0car les conditions de sa r\u00e9alisation ne sont pas r\u00e9unies et le retour des MRE au Maroc durant la p\u00e9riode estivale, qui, lui, est maintenu\u00a0<\/em>\u00bb.<\/p>\n<p>Lire aussi|<a href=\"https:\/\/www.challenge.ma\/la-cnss-fait-mal-au-pjd-145874\/\">La CNSS fait mal au PJD<\/a><\/p>\n<div class=\"vw-sticky-sidebar-wrapper vw-sticky-sidebar widget_text awac-wrapper widget_text awac widget custom_html-4 textwidget custom-html-widget\">\n<p class=\"has-background c12\"><span class=\"widget-title c11\">Tribune et D\u00e9bats<\/span><\/p>\n<p>La tribune qui vous parle d\u2019une actu, d\u2019un sujet qui fait d\u00e9bat, les traitent et les analysent. \u00c9conomistes et autres experts, patrons d\u2019entreprises, d\u00e9cideurs, acteurs de la soci\u00e9t\u00e9 civile, s\u2019y prononcent et contribuent \u00e0 sa grande richesse. Vous avez votre opinion, convergente ou diff\u00e9rente. Exprimez-la et mesurez-vous ainsi \u00e0 nos tribuns et d\u00e9batteurs.<\/p>\n<p>Envoyez vos analyses \u00e0 : <a href=\"\/cdn-cgi\/l\/email-protection#c0a3afaeb4a1a3b480a3a8a1acaca5aea7a5eeada1\"><span class=\"__cf_email__\" data-cfemail=\"6a0905041e0b091e2a09020b06060f040d0f44070b\">[email\u00a0protected]<\/span><\/a>, en pr\u00e9cisant votre nom, votre pr\u00e9nom et votre m\u00e9tier.<\/p>\n<\/div>\n<p>Auteur: Adama Sylla<br \/>\n<a href=\"https:\/\/www.challenge.ma\/coronavirus-loperation-marhaba-2020-annulee-mais-les-mre-pourront-regagner-le-maroc-selon-des-conditions-145910\/\">Cliquez ici pour lire l&rsquo;article depuis sa source.<\/a><\/p>\n","protected":false},"excerpt":{"rendered":"<p>Finalement, l\u2019op\u00e9ration 2020 n\u2019aura pas lieu en raison du coronavirus. Toutefois, les Marocains r\u00e9sidant \u00e0 l\u2019\u00e9tranger (MRE) pourront regagner le Maroc selon des conditions d\u00e9termin\u00e9es, assure le ministre des Affaires \u00e9trang\u00e8res, de la Coop\u00e9ration africaine, et des Marocains r\u00e9sidant \u00e0\u00a0 l\u2019\u00e9tranger, Nasser Bourita,\u00a0 devant le Parlement. Nasser Bourita, le ministre des Affaires \u00e9trang\u00e8res, de la [&hellip;]<\/p>\n","protected":false},"author":1787,"featured_media":0,"comment_status":"closed","ping_status":"closed","sticky":false,"template":"","format":"standard","meta":{"fifu_image_url":"","fifu_image_alt":"","footnotes":""},"categories":[78,54],"tags":[],"class_list":["post-89798","post","type-post","status-publish","format-standard","hentry","category-economie","category-maroc"],"_links":{"self":[{"href":"https:\/\/linitiative.ca\/International\/wp-json\/wp\/v2\/posts\/89798","targetHints":{"allow":["GET"]}}],"collection":[{"href":"https:\/\/linitiative.ca\/International\/wp-json\/wp\/v2\/posts"}],"about":[{"href":"https:\/\/linitiative.ca\/International\/wp-json\/wp\/v2\/types\/post"}],"author":[{"embeddable":true,"href":"https:\/\/linitiative.ca\/International\/wp-json\/wp\/v2\/users\/1787"}],"replies":[{"embeddable":true,"href":"https:\/\/linitiative.ca\/International\/wp-json\/wp\/v2\/comments?post=89798"}],"version-history":[{"count":0,"href":"https:\/\/linitiative.ca\/International\/wp-json\/wp\/v2\/posts\/89798\/revisions"}],"wp:attachment":[{"href":"https:\/\/linitiative.ca\/International\/wp-json\/wp\/v2\/media?parent=89798"}],"wp:term":[{"taxonomy":"category","embeddable":true,"href":"https:\/\/linitiative.ca\/International\/wp-json\/wp\/v2\/categories?post=89798"},{"taxonomy":"post_tag","embeddable":true,"href":"https:\/\/linitiative.ca\/International\/wp-json\/wp\/v2\/tags?post=89798"}],"curies":[{"name":"wp","href":"https:\/\/api.w.org\/{rel}","templated":true}]}}